{"id":123692,"date":"2020-03-12T12:50:41","date_gmt":"2020-03-12T11:50:41","guid":{"rendered":"https:\/\/zjarr.tv\/?p=123692"},"modified":"2020-03-12T12:50:41","modified_gmt":"2020-03-12T11:50:41","slug":"basha-pershendet-vendimin-e-bankes-se-shqiperise-per-shtyrjen-e-pagees-se-kesteve-te-kredive","status":"publish","type":"post","link":"https:\/\/zjarr.tv\/en\/basha-pershendet-vendimin-e-bankes-se-shqiperise-per-shtyrjen-e-pagees-se-kesteve-te-kredive\/","title":{"rendered":"Basha p\u00ebrsh\u00ebndet vendimin e Bank\u00ebs s\u00eb Shqip\u00ebris\u00eb p\u00ebr shtyrjen e page\u00ebs s\u00eb k\u00ebsteve t\u00eb kredive"},"content":{"rendered":"<p>Kryedemokrati Lulzim Basha reagoi n\u00eb T\u00ebitter n\u00eb lidhje me vendimin e Bank\u00ebs s\u00eb Shqip\u00ebris\u00eb p\u00ebr pezullimin e pages\u00ebs s\u00eb kredive, p\u00ebr shkak t\u00eb p\u00ebrhapjes s\u00eb koronavirusit.<\/p>\n<p><em>\u201cP\u00ebrsh\u00ebndes Bank\u00ebn e Shqip\u00ebris\u00eb p\u00ebr vendimin e pezullimit t\u00eb pages\u00ebs s\u00eb kredive, q\u00eb \u00ebsht\u00eb nj\u00eb nga masat e propozuara nga PD. \u00cbsht\u00eb e domosdoshme n\u00eb k\u00ebt\u00eb situat\u00eb t\u00eb jemi pran\u00eb qytetar\u00ebve, operator\u00ebve ekonomik\u00eb e sidomos biznesit t\u00eb vog\u00ebl\u201d,<\/em>\u00a0shkruan Basha.<\/p>\n<p>Banka e Shqip\u00ebris\u00eb njoftoi t\u00eb enjten marrjen e masave p\u00ebr pezullimin me tre muaj t\u00eb pages\u00ebs s\u00eb k\u00ebsteve t\u00eb kredive p\u00ebr bizneset dhe qytetar\u00ebt. BSH do t\u00eb punoj\u00eb platform\u00ebn se si do t\u00eb operohet p\u00ebr k\u00ebt\u00eb vendim.<\/p>\n<p>M\u00eb her\u00ebt, t\u00eb m\u00ebrkur\u00ebn kryedemokrati Lulzim Basha propozoi nj\u00eb plan me disa pika p\u00ebr mb\u00ebshtetjen ekonomike t\u00eb qytetar\u00ebve dhe biznesit me q\u00ebllim kalimin e situat\u00ebs s\u00eb v\u00ebshtir\u00eb nga koronavirusi. Nj\u00eb nd\u00ebr pikat ishte dhe k\u00ebrkesa drejtuar bankave p\u00ebr t\u00eb rishikuar skedulimin e datave t\u00eb paegasve t\u00eb k\u00ebsteve t\u00eb kredive. Nd\u00ebrkoh\u00eb, n\u00eb reagimin e tij, Basha i b\u00ebn thirrje p\u00ebrs\u00ebri Qeveris\u00eb t\u00eb zbatoj\u00eb masat ekonomike t\u00eb propozuara nga qeveria.<\/p>\n<p>\u201c<em>Situata emergjente k\u00ebrkon masa emergjente! Ftoj qeverin\u00eb q\u00eb n\u00eb k\u00ebt\u00eb koh\u00eb krize t\u00eb mos ket\u00eb asnj\u00eb kompleks t\u00eb zbatimit t\u00eb masave ekonomike dhe sociale t\u00eb propozuara nga PD por t\u00eb veproj\u00eb pa humbur koh\u00eb dhe t\u00eb adoptoj\u00eb k\u00ebto masa p\u00ebr hir t\u00eb t\u00eb gjith\u00eb shqiptar\u00ebve. Koha nuk pret\u201d,<\/em>\u00a0shkruan Basha.<\/p>","protected":false},"excerpt":{"rendered":"<p>Kryedemokrati Lulzim Basha reagoi n\u00eb T\u00ebitter n\u00eb lidhje me vendimin e Bank\u00ebs s\u00eb Shqip\u00ebris\u00eb p\u00ebr pezullimin e pages\u00ebs s\u00eb kredive, p\u00ebr shkak t\u00eb p\u00ebrhapjes s\u00eb koronavirusit. \u201cP\u00ebrsh\u00ebndes Bank\u00ebn e Shqip\u00ebris\u00eb p\u00ebr vendimin e pezullimit t\u00eb pages\u00ebs s\u00eb kredive, q\u00eb \u00ebsht\u00eb nj\u00eb nga masat e propozuara nga PD. \u00cbsht\u00eb e domosdoshme n\u00eb k\u00ebt\u00eb situat\u00eb t\u00eb jemi [&hellip;]<\/p>\n","protected":false},"author":2013,"featured_media":112899,"comment_status":"open","ping_status":"closed","sticky":false,"template":"","format":"standard","meta":{"footnotes":""},"categories":[241,235],"tags":[],"class_list":{"0":"post-123692","1":"post","2":"type-post","3":"status-publish","4":"format-standard","5":"has-post-thumbnail","7":"category-aktualitet","8":"category-vendi"},"_links":{"self":[{"href":"https:\/\/zjarr.tv\/en\/wp-json\/wp\/v2\/posts\/123692","targetHints":{"allow":["GET"]}}],"collection":[{"href":"https:\/\/zjarr.tv\/en\/wp-json\/wp\/v2\/posts"}],"about":[{"href":"https:\/\/zjarr.tv\/en\/wp-json\/wp\/v2\/types\/post"}],"author":[{"embeddable":true,"href":"https:\/\/zjarr.tv\/en\/wp-json\/wp\/v2\/users\/2013"}],"replies":[{"embeddable":true,"href":"https:\/\/zjarr.tv\/en\/wp-json\/wp\/v2\/comments?post=123692"}],"version-history":[{"count":0,"href":"https:\/\/zjarr.tv\/en\/wp-json\/wp\/v2\/posts\/123692\/revisions"}],"wp:featuredmedia":[{"embeddable":true,"href":"https:\/\/zjarr.tv\/en\/wp-json\/wp\/v2\/media\/112899"}],"wp:attachment":[{"href":"https:\/\/zjarr.tv\/en\/wp-json\/wp\/v2\/media?parent=123692"}],"wp:term":[{"taxonomy":"category","embeddable":true,"href":"https:\/\/zjarr.tv\/en\/wp-json\/wp\/v2\/categories?post=123692"},{"taxonomy":"post_tag","embeddable":true,"href":"https:\/\/zjarr.tv\/en\/wp-json\/wp\/v2\/tags?post=123692"}],"curies":[{"name":"wp","href":"https:\/\/api.w.org\/{rel}","templated":true}]}}