{"id":123694,"date":"2020-03-12T13:46:47","date_gmt":"2020-03-12T12:46:47","guid":{"rendered":"https:\/\/zjarr.tv\/?p=123694"},"modified":"2020-03-12T13:46:47","modified_gmt":"2020-03-12T12:46:47","slug":"meta-pa-maske-dhuron-gjak-per-femijet-talasemike-duhet-nje-tjeter-numer-vec-127","status":"publish","type":"post","link":"https:\/\/zjarr.tv\/en\/meta-pa-maske-dhuron-gjak-per-femijet-talasemike-duhet-nje-tjeter-numer-vec-127\/","title":{"rendered":"Meta pa mask\u00eb dhuron gjak p\u00ebr f\u00ebmij\u00ebt talasemik\u00eb: Duhet nj\u00eb tjet\u00ebr num\u00ebr ve\u00e7 127"},"content":{"rendered":"<p>Nga Qendra Komb\u00ebtare e Transfuzionit t\u00eb Gjakut, Presidenti Ilir Meta doli pa nj\u00eb mask\u00eb mbrojt\u00ebse por u kujdes t\u00eb ruante distanc\u00ebn me gazetar\u00ebt.<\/p>\n<p><em>Pse nuk keni mask\u00eb?<\/em><\/p>\n<p><strong><em>Meta:\u00a0<\/em><\/strong><em>Vi k\u00ebtu pasi kam b\u00ebr\u00eb nj\u00eb test t\u00eb dyfisht\u00eb, nuk kam kontaktuar ask\u00ebnd dhe kam ruajtur distanc\u00ebn.<\/em><\/p>\n<p>Meta vler\u00ebsoi masat e marra p\u00ebr p\u00ebrballimin e pandemis\u00eb bot\u00ebrore q\u00eb ka prekur edhe vendin ton\u00eb, nd\u00ebrsa n\u00ebnvizoi se taskforca e ngritur nga Presidenca nuk dublon dhe as z\u00ebvend\u00ebson at\u00eb t\u00eb qeveris\u00eb.<\/p>\n<p>Presidenti apeloi edhe nj\u00ebher\u00eb t\u00eb ruhet qet\u00ebsia, nd\u00ebrsa shtoi se duhet par\u00eb mund\u00ebsia p\u00ebr v\u00ebnien e nj\u00eb tjet\u00ebr numri n\u00eb dispozicion n\u00eb funksion t\u00eb thirrjeve t\u00eb urgjenc\u00ebs.<\/p>\n<p><strong><em>Meta:\u00a0<\/em><\/strong><em>Task-forca n\u00eb presidenc\u00eb nuk z\u00ebvend\u00ebson as dublon task-forc\u00ebn e qeveris\u00eb. Kjo \u00ebsht\u00eb n\u00eb fumnksion t\u00eb presidentit.T\u00eb gjith\u00eb t\u00eb p\u00ebrq\u00ebndrohemi te mesazhet e autoriteteve t\u00eb sh\u00ebndetit publik, udh\u00ebzimet e autoriteteve qeveritare, ti referohemi 127 dhe ndoshta duhet para mund\u00ebsia p\u00ebr nj\u00eb num\u00ebr tjet\u00ebr. T\u00eb gjith\u00eb s\u00eb bashku do ta kalojm\u00eb k\u00ebt\u00eb situat\u00eb me sa m\u00eb shum\u00eb kujdes dhe pa panik.<\/em><\/p>\n<p>Nd\u00ebrsa dhuroi gjak s\u00eb bashku me kabinetin e tij, Kreu i Shtetit apeloi dhuruesit vullnetar\u00eb ta kryejn\u00eb k\u00ebt\u00eb proces pasi \u00ebsht\u00eb i sigurt dhe nuk p\u00ebrb\u00ebn asnj\u00eb problem, nd\u00ebrkoh\u00eb q\u00eb nevojat p\u00ebr gjak t\u00eb \u00a0f\u00ebmij\u00ebve talasemik\u00eb por jo vet\u00ebm, jan\u00eb t\u00eb m\u00ebdha.<\/p>\n<p><em><strong>Meta:\u00a0<\/strong>Situata \u00ebsht\u00eb e till\u00eb q\u00eb k\u00ebrkon \u00a0nj\u00eb sensibilitet m\u00eb t\u00eb madh n\u00eb ndihm\u00eb t\u00eb f\u00ebmij\u00ebve, t\u00eb gjith\u00eb atyre q\u00eb e kan\u00eb t\u00eb domosdoshme dhurimin e gjakut.Nuk duhet t\u00eb biem pre e panikut aq m\u00eb tep\u00ebr q\u00eb ky \u00ebsht\u00eb nj\u00eb proces ter\u00ebsisht i garantuar dhe i sh\u00ebndetsh\u00ebm. Duhet ta vijojm\u00eb at\u00eb aksion, sidomos sa i takon vullnetar\u00ebve t\u00eb dhurimit t\u00eb gjakut, aq m\u00eb tep\u00ebr q\u00eb k\u00ebto dit\u00eb nevoja \u00ebsht\u00eb m\u00eb e lart\u00eb dhe solidariteti duhet t\u00eb jet\u00eb m\u00eb i fort\u00eb.<\/em><\/p>","protected":false},"excerpt":{"rendered":"<p>Nga Qendra Komb\u00ebtare e Transfuzionit t\u00eb Gjakut, Presidenti Ilir Meta doli pa nj\u00eb mask\u00eb mbrojt\u00ebse por u kujdes t\u00eb ruante distanc\u00ebn me gazetar\u00ebt. Pse nuk keni mask\u00eb? Meta:\u00a0Vi k\u00ebtu pasi kam b\u00ebr\u00eb nj\u00eb test t\u00eb dyfisht\u00eb, nuk kam kontaktuar ask\u00ebnd dhe kam ruajtur distanc\u00ebn. Meta vler\u00ebsoi masat e marra p\u00ebr p\u00ebrballimin e pandemis\u00eb bot\u00ebrore q\u00eb [&hellip;]<\/p>\n","protected":false},"author":2013,"featured_media":89894,"comment_status":"open","ping_status":"closed","sticky":false,"template":"","format":"standard","meta":{"footnotes":""},"categories":[241,235],"tags":[],"class_list":{"0":"post-123694","1":"post","2":"type-post","3":"status-publish","4":"format-standard","5":"has-post-thumbnail","7":"category-aktualitet","8":"category-vendi"},"_links":{"self":[{"href":"https:\/\/zjarr.tv\/en\/wp-json\/wp\/v2\/posts\/123694","targetHints":{"allow":["GET"]}}],"collection":[{"href":"https:\/\/zjarr.tv\/en\/wp-json\/wp\/v2\/posts"}],"about":[{"href":"https:\/\/zjarr.tv\/en\/wp-json\/wp\/v2\/types\/post"}],"author":[{"embeddable":true,"href":"https:\/\/zjarr.tv\/en\/wp-json\/wp\/v2\/users\/2013"}],"replies":[{"embeddable":true,"href":"https:\/\/zjarr.tv\/en\/wp-json\/wp\/v2\/comments?post=123694"}],"version-history":[{"count":0,"href":"https:\/\/zjarr.tv\/en\/wp-json\/wp\/v2\/posts\/123694\/revisions"}],"wp:featuredmedia":[{"embeddable":true,"href":"https:\/\/zjarr.tv\/en\/wp-json\/wp\/v2\/media\/89894"}],"wp:attachment":[{"href":"https:\/\/zjarr.tv\/en\/wp-json\/wp\/v2\/media?parent=123694"}],"wp:term":[{"taxonomy":"category","embeddable":true,"href":"https:\/\/zjarr.tv\/en\/wp-json\/wp\/v2\/categories?post=123694"},{"taxonomy":"post_tag","embeddable":true,"href":"https:\/\/zjarr.tv\/en\/wp-json\/wp\/v2\/tags?post=123694"}],"curies":[{"name":"wp","href":"https:\/\/api.w.org\/{rel}","templated":true}]}}