{"id":123702,"date":"2020-03-12T13:50:36","date_gmt":"2020-03-12T12:50:36","guid":{"rendered":"https:\/\/zjarr.tv\/?p=123702"},"modified":"2020-03-12T13:50:36","modified_gmt":"2020-03-12T12:50:36","slug":"apeli-i-fundit-para-gjobes-5-mije-euro-per-qytetaret-e-kthyer-nga-italia-vetekarantinohuni","status":"publish","type":"post","link":"https:\/\/zjarr.tv\/en\/apeli-i-fundit-para-gjobes-5-mije-euro-per-qytetaret-e-kthyer-nga-italia-vetekarantinohuni\/","title":{"rendered":"Apeli i fundit para gjob\u00ebs 5 mij\u00eb euro p\u00ebr qytetar\u00ebt e kthyer nga Italia: Vet\u00ebkarantinohuni!"},"content":{"rendered":"<p>66 pika kontrolli jan\u00eb ngritur nga Shkodra n\u00eb Vlora. Efektiv\u00eb t\u00eb policis\u00eb s\u00eb shtetit dhe ata ushtarak\u00eb kalojn\u00eb n\u00eb sit\u00eb mjetet dhe qytetar\u00ebt \u00a0me histori udh\u00ebtimi n\u00eb Itali, por t\u00eb cil\u00ebt nuk jan\u00eb vet\u00ebkarantinuar.<\/p>\n<p>Drejtori i P\u00ebrgjithsh\u00ebm i Policis\u00eb s\u00eb Shtetit, Ardi Veliu, p\u00ebrs\u00ebriti apelin e fundit ndaj qytetar\u00ebve q\u00eb duhet ti p\u00ebrmbahen k\u00ebtij detyrimi, duke deklaruar se n\u00ebse ata q\u00eb jan\u00eb kontrolluar kapen n\u00eb rrug\u00eb do aplikohet gjoba 5 mij\u00eb euro.<\/p>\n<p><em><strong>Veliu:\u00a0<\/strong>N\u00eb rast se k\u00ebta shtetas nuk do t\u00eb b\u00ebjn\u00eb vet\u00ebkarantinimin do t\u00eb filloj\u00eb aplikimi i gjob\u00ebs 5 mij\u00eb euro. Qytetar\u00ebt q\u00eb duhet t\u00eb vet\u00ebkarantinohen dhe \u00a0jan\u00eb kontrolluar nga ana jon\u00eb t\u00eb mos e marrin mundimin dhe kurajon t\u00eb dalin n\u00eb qytete sepse nuk do t\u00eb ket\u00eb toleranc\u00eb. Qytetar\u00ebt evidentohen direkt p\u00ebrmes sistemit. Jan\u00eb 100 tableta n\u00eb nj\u00eb sistem q\u00eb punojn\u00eb online dhe po b\u00ebjn\u00eb kryq\u00ebzimin e t\u00eb dh\u00ebnave.N\u00ebse \u00ebsht\u00eb kontrolluar n\u00eb Tiran\u00eb dhe l\u00ebviz n\u00eb n\u00eb Fier do t\u00eb kontrollohet aty. Qytetar\u00ebt t\u00eb respektojn\u00eb vet\u00ebkarantinimin.<\/em><\/p>\n<p>Veliu foli p\u00ebr 200 persona t\u00eb evidentuar gjat\u00eb kontrolleve dje dhe sot.<\/p>\n<p><em><strong>Veliu:\u00a0<\/strong>Dje ka qen\u00eb 100 dhe sot jan\u00eb 100 t\u00eb tjer\u00eb t\u00eb konstatuar nga pikat e kontrollit. Por nuk kemi raste t\u00eb p\u00ebrs\u00ebritura nga ato t\u00eb kontrolluara mbr\u00ebm\u00eb.<\/em><\/p>\n<p>Nga ora 06:00 e dit\u00ebs s\u00eb nes\u00ebrme do t\u00eb ndalohet qarkullimi i mjeteve t\u00eb transportit publik dhe ato private.<\/p>","protected":false},"excerpt":{"rendered":"<p>66 pika kontrolli jan\u00eb ngritur nga Shkodra n\u00eb Vlora. Efektiv\u00eb t\u00eb policis\u00eb s\u00eb shtetit dhe ata ushtarak\u00eb kalojn\u00eb n\u00eb sit\u00eb mjetet dhe qytetar\u00ebt \u00a0me histori udh\u00ebtimi n\u00eb Itali, por t\u00eb cil\u00ebt nuk jan\u00eb vet\u00ebkarantinuar. Drejtori i P\u00ebrgjithsh\u00ebm i Policis\u00eb s\u00eb Shtetit, Ardi Veliu, p\u00ebrs\u00ebriti apelin e fundit ndaj qytetar\u00ebve q\u00eb duhet ti p\u00ebrmbahen k\u00ebtij detyrimi, [&hellip;]<\/p>\n","protected":false},"author":2013,"featured_media":123703,"comment_status":"open","ping_status":"closed","sticky":false,"template":"","format":"standard","meta":{"footnotes":""},"categories":[241,235],"tags":[],"class_list":{"0":"post-123702","1":"post","2":"type-post","3":"status-publish","4":"format-standard","5":"has-post-thumbnail","7":"category-aktualitet","8":"category-vendi"},"_links":{"self":[{"href":"https:\/\/zjarr.tv\/en\/wp-json\/wp\/v2\/posts\/123702","targetHints":{"allow":["GET"]}}],"collection":[{"href":"https:\/\/zjarr.tv\/en\/wp-json\/wp\/v2\/posts"}],"about":[{"href":"https:\/\/zjarr.tv\/en\/wp-json\/wp\/v2\/types\/post"}],"author":[{"embeddable":true,"href":"https:\/\/zjarr.tv\/en\/wp-json\/wp\/v2\/users\/2013"}],"replies":[{"embeddable":true,"href":"https:\/\/zjarr.tv\/en\/wp-json\/wp\/v2\/comments?post=123702"}],"version-history":[{"count":0,"href":"https:\/\/zjarr.tv\/en\/wp-json\/wp\/v2\/posts\/123702\/revisions"}],"wp:featuredmedia":[{"embeddable":true,"href":"https:\/\/zjarr.tv\/en\/wp-json\/wp\/v2\/media\/123703"}],"wp:attachment":[{"href":"https:\/\/zjarr.tv\/en\/wp-json\/wp\/v2\/media?parent=123702"}],"wp:term":[{"taxonomy":"category","embeddable":true,"href":"https:\/\/zjarr.tv\/en\/wp-json\/wp\/v2\/categories?post=123702"},{"taxonomy":"post_tag","embeddable":true,"href":"https:\/\/zjarr.tv\/en\/wp-json\/wp\/v2\/tags?post=123702"}],"curies":[{"name":"wp","href":"https:\/\/api.w.org\/{rel}","templated":true}]}}