{"id":123708,"date":"2020-03-12T13:53:35","date_gmt":"2020-03-12T12:53:35","guid":{"rendered":"https:\/\/zjarr.tv\/?p=123708"},"modified":"2020-03-12T13:53:35","modified_gmt":"2020-03-12T12:53:35","slug":"shtetrrethimi-si-mase-kunder-koronavirusit-vasili-i-kthehet-ashper-rames-kufizimet-absolute-kerkojne-zgjidhje-alternative-qe-ti-si-ben","status":"publish","type":"post","link":"https:\/\/zjarr.tv\/en\/shtetrrethimi-si-mase-kunder-koronavirusit-vasili-i-kthehet-ashper-rames-kufizimet-absolute-kerkojne-zgjidhje-alternative-qe-ti-si-ben\/","title":{"rendered":"Shtetrrethimi si mas\u00eb kund\u00ebr koronavirusit, Vasili i kthehet ashp\u00ebr Ram\u00ebs: Kufizimet absolute k\u00ebrkojn\u00eb zgjidhje alternative q\u00eb ti s\u2019i b\u00ebn!"},"content":{"rendered":"<p>I ashp\u00ebr ka qen\u00eb n\u00eb reagimin e tij n\u00ebnkryetari i LSI-s\u00eb Petrit Vasili, sa i takon masave t\u00eb nd\u00ebrmarra p\u00ebr shkak t\u00eb koronavirusit dhe deklaratave t\u00eb nj\u00ebpasnj\u00ebshme t\u00eb kryeministrit Edi Rama. P\u00ebrmes nj\u00eb mesazhi n\u00eb \u2018Facebook\u2019 Vasili i sugjeron Ram\u00ebs q\u00eb mos t\u00eb p\u00ebrziej\u00eb politik\u00ebn me pandemin\u00eb dhe me situat\u00ebn e krijuar nga t\u00ebrmeti. Nd\u00ebr t\u00eb tjera Vasili theksoi se kufizimet q\u00eb k\u00ebrkoi Rama k\u00ebrkojn\u00eb zgjidhje alternative.<\/p>\n<p>Kujtojm\u00eb se sot Rama deklaroi se duke nisur nga dita e nes\u00ebrme deri t\u00eb diel\u00ebn, Tirana dhe Durr\u00ebsi do t\u00eb jen\u00eb n\u00eb \u2018shtetrrethim\u2019 dhe nuk do t\u00eb lejohet l\u00ebvizja e mjeteve private.<\/p>\n<p><strong>REAGIMI I VASILIT<\/strong><br \/>\nKRYEMINISTER QENDRO KORREKT!!<br \/>\nKRYEMINISTER MOS PERZJEJ POLITIKEN ME PANDEMINE!<\/p>\n<p>KRYEMINISTER PANDEMIA DHE TERMETI KANE ZERO LIDHJE ME NJERA TJETRIN!<br \/>\nKRYEMINISTER MOS I PENGO M\u00cb PROFESIONISTET ME MESAZHE TE GABUARA, LERI TE QETE QE TE PUNOJNE!<br \/>\nKRYEMINISTER PANDEMIA KERKON FONDE QE TI NUK I JEP!<br \/>\nKRYEMINISTER KUFIZIMET ABSOLUTE KERKOJNE EDHE ZGJIDHJE ALTERNATIVE QE TI NUK I BEN!<br \/>\nKRYEMINISTER KTHEJU DETYRES,BEJ KRYEMINISTRIN, SE MJEKET E INFERMIERET E DINE DHE E BEJNE SHKELQYESHEM PUNEN E TYRE<br \/>\nKRYEMINISTER BOLL M\u00cb ME MESAZHE TE TURPSHME SI KY QE THE SOT:<br \/>\n\u201cBESIM MOTRA E V\u00cbLLEZ\u00cbR BESIM, NE DO TA MUNDIM KORON\u00cbN DHE DO T\u00cb DALIM M\u00cb T\u00cb FORT\u00cb NGA KJO LUFT\u00cb, SI\u00c7 DOL\u00cbM NGA GODITJA E TMERRSHME E T\u00cbRMETIT\u201d!<\/p>","protected":false},"excerpt":{"rendered":"<p>I ashp\u00ebr ka qen\u00eb n\u00eb reagimin e tij n\u00ebnkryetari i LSI-s\u00eb Petrit Vasili, sa i takon masave t\u00eb nd\u00ebrmarra p\u00ebr shkak t\u00eb koronavirusit dhe deklaratave t\u00eb nj\u00ebpasnj\u00ebshme t\u00eb kryeministrit Edi Rama. P\u00ebrmes nj\u00eb mesazhi n\u00eb \u2018Facebook\u2019 Vasili i sugjeron Ram\u00ebs q\u00eb mos t\u00eb p\u00ebrziej\u00eb politik\u00ebn me pandemin\u00eb dhe me situat\u00ebn e krijuar nga t\u00ebrmeti. Nd\u00ebr [&hellip;]<\/p>\n","protected":false},"author":2013,"featured_media":107732,"comment_status":"open","ping_status":"closed","sticky":false,"template":"","format":"standard","meta":{"footnotes":""},"categories":[241,235],"tags":[],"class_list":{"0":"post-123708","1":"post","2":"type-post","3":"status-publish","4":"format-standard","5":"has-post-thumbnail","7":"category-aktualitet","8":"category-vendi"},"_links":{"self":[{"href":"https:\/\/zjarr.tv\/en\/wp-json\/wp\/v2\/posts\/123708","targetHints":{"allow":["GET"]}}],"collection":[{"href":"https:\/\/zjarr.tv\/en\/wp-json\/wp\/v2\/posts"}],"about":[{"href":"https:\/\/zjarr.tv\/en\/wp-json\/wp\/v2\/types\/post"}],"author":[{"embeddable":true,"href":"https:\/\/zjarr.tv\/en\/wp-json\/wp\/v2\/users\/2013"}],"replies":[{"embeddable":true,"href":"https:\/\/zjarr.tv\/en\/wp-json\/wp\/v2\/comments?post=123708"}],"version-history":[{"count":0,"href":"https:\/\/zjarr.tv\/en\/wp-json\/wp\/v2\/posts\/123708\/revisions"}],"wp:featuredmedia":[{"embeddable":true,"href":"https:\/\/zjarr.tv\/en\/wp-json\/wp\/v2\/media\/107732"}],"wp:attachment":[{"href":"https:\/\/zjarr.tv\/en\/wp-json\/wp\/v2\/media?parent=123708"}],"wp:term":[{"taxonomy":"category","embeddable":true,"href":"https:\/\/zjarr.tv\/en\/wp-json\/wp\/v2\/categories?post=123708"},{"taxonomy":"post_tag","embeddable":true,"href":"https:\/\/zjarr.tv\/en\/wp-json\/wp\/v2\/tags?post=123708"}],"curies":[{"name":"wp","href":"https:\/\/api.w.org\/{rel}","templated":true}]}}