{"id":123710,"date":"2020-03-12T14:32:19","date_gmt":"2020-03-12T13:32:19","guid":{"rendered":"https:\/\/zjarr.tv\/?p=123710"},"modified":"2020-03-12T14:32:19","modified_gmt":"2020-03-12T13:32:19","slug":"berisha-u-kallezua-per-lajme-te-rreme-reagon-pd-qeveria-deshtoi-smund-fuse-te-verteten-ne-karantine","status":"publish","type":"post","link":"https:\/\/zjarr.tv\/en\/berisha-u-kallezua-per-lajme-te-rreme-reagon-pd-qeveria-deshtoi-smund-fuse-te-verteten-ne-karantine\/","title":{"rendered":"Berisha u kall\u00ebzua p\u00ebr lajme t\u00eb rreme, reagon PD: Qeveria d\u00ebshtoi, s`mund fus\u00eb t\u00eb v\u00ebrtet\u00ebn n\u00eb \u201ckarantin\u00eb\u201d"},"content":{"rendered":"<p>Partia Demokratike reagoi n\u00eb lidhje me kall\u00ebzimin penal q\u00eb deputet\u00ebt socialist\u00eb b\u00ebn ndaj ish-Kryeministrit Sali Berisha, me pretendimin se ai ka p\u00ebrhapur lajme t\u00eb rreme. PD thot\u00eb se \u201cE<em>di Rama nuk mund ta fus\u00eb dot n\u00eb karantin\u00eb t\u00eb v\u00ebrtet\u00ebn dhe opozit\u00ebn. Nuk ka kall\u00ebzim apo padi q\u00eb mund t\u00eb ndal\u00eb Partin\u00eb Demokratike t\u00eb ngrej\u00eb z\u00ebrin p\u00ebr sigurin\u00eb e qytetar\u00ebve\u201d.\u00a0<\/em>Partia Demokratike shprehet, m\u00eb tej, se Edi Rama po d\u00ebshton, sa sa ky d\u00ebshtim po rrezikon jet\u00eb.\u00a0<em>\u201cK\u00ebt\u00eb her\u00eb d\u00ebshtimi i Edi Ram\u00ebs rrezikon jet\u00eb, k\u00ebshtu q\u00eb asnj\u00eb padi, k\u00ebrc\u00ebnim apo shantazh nuk do t\u00eb na largoj\u00eb ne nga misioni p\u00ebr t\u00eb th\u00ebn\u00eb t\u00eb v\u00ebrtet\u00ebn\u201d<\/em>, thuhet n\u00eb deklart\u00ebn e Partis\u00eb Demokratike.<\/p>\n<p>M\u00eb tej, PD argumenton se t\u00eb dyja rastet e denoncuara nga Selia Blu, kan\u00eb qen\u00eb flagrante dhe t\u00eb v\u00ebrteta.\u00a0<em>\u201cVet\u00ebm dit\u00ebt e fundit jan\u00eb dy raste flagrante t\u00eb denoncuara nga opozita dhe q\u00eb, p\u00ebr fat t\u00eb keq rezultuan t\u00eb v\u00ebrteta. \u00cbsht\u00eb denoncimi i ish kryeministrit Sali Berisha p\u00ebr t\u00eb moshuar\u00ebn nga Durr\u00ebsi q\u00eb nd\u00ebrroi jet\u00eb, e infektuar me koronavirus, por pa u trajtuar sipas protokollit. \u00cbsht\u00eb denoncimi i Partis\u00eb Demokratike p\u00ebr shp\u00ebrndarjen nga qeveria t\u00eb 1.2 milion\u00eb maskave t\u00eb skaduara p\u00ebr personelin sh\u00ebndet\u00ebsor\u201d,<\/em>\u00a0shkruan PD.<\/p>\n<p>M\u00eb tej, Partia Demokratike rreshton dhe 6 pika, q\u00eb sipas saj tregojn\u00eb se qeveria ka d\u00ebshtuar p\u00ebr marrjen e masave p\u00ebr mbrojtjen nga Koronavirusi: \u00a0<em>\u201cE v\u00ebrteta \u00ebsht\u00eb se qeveria nuk mori n\u00eb koh\u00eb asnj\u00eb mas\u00eb parandaluese ndaj p\u00ebrhapjes s\u00eb virusit t\u00eb rreziksh\u00ebm. E v\u00ebrteta \u00ebsht\u00eb se qeveria, edhe sot q\u00eb flasim nuk ka t\u00ebrhequr sasin\u00eb e maskave t\u00eb skaduara t\u00eb shp\u00ebrndara p\u00ebr personelin mjek\u00ebsor.\u00a0<\/em><em>\u00a0<\/em><em>E v\u00ebrteta \u00ebsht\u00eb se qeveria nuk ka v\u00ebn\u00eb n\u00eb dispozicion fondet e nevojshme p\u00ebr p\u00ebrballimin e situt\u00ebs.\u00a0<\/em><em>\u00a0<\/em><em>Qeveria vonoi me dy jav\u00eb vendimmarrjen p\u00ebr t\u00eb mbyllur aktivitetin n\u00eb ambiente q\u00eb ka prezenc\u00eb shum\u00eb t\u00eb madhe t\u00eb njer\u00ebzve<\/em><em>.<\/em><em>\u00a0<\/em><em>Qeveria nuk ka marr\u00eb asnj\u00eb mas\u00eb p\u00ebr t\u00eb leht\u00ebsuar nga taksat, tarifat<\/em><em>\u00a0dhe sigurimet shoq\u00ebrore\/sh\u00ebndet\u00ebsore. Qeveria nuk ka marr\u00eb masa p\u00ebr t\u00eb mund\u00ebsuar funksionimin normal t\u00eb linj\u00ebs s\u00eb urgjenc\u00ebs 127, e cila ka v\u00ebshtir\u00ebsi p\u00ebr aksesim p\u00ebr shkak t\u00eb fluksit<\/em>\u201d, thuhet nd\u00ebr t\u00eb tjer\u00ebn n\u00eb deklarat\u00ebn e PD.<\/p>","protected":false},"excerpt":{"rendered":"<p>Partia Demokratike reagoi n\u00eb lidhje me kall\u00ebzimin penal q\u00eb deputet\u00ebt socialist\u00eb b\u00ebn ndaj ish-Kryeministrit Sali Berisha, me pretendimin se ai ka p\u00ebrhapur lajme t\u00eb rreme. PD thot\u00eb se \u201cEdi Rama nuk mund ta fus\u00eb dot n\u00eb karantin\u00eb t\u00eb v\u00ebrtet\u00ebn dhe opozit\u00ebn. Nuk ka kall\u00ebzim apo padi q\u00eb mund t\u00eb ndal\u00eb Partin\u00eb Demokratike t\u00eb ngrej\u00eb z\u00ebrin [&hellip;]<\/p>\n","protected":false},"author":2013,"featured_media":100526,"comment_status":"open","ping_status":"closed","sticky":false,"template":"","format":"standard","meta":{"footnotes":""},"categories":[241,235],"tags":[],"class_list":{"0":"post-123710","1":"post","2":"type-post","3":"status-publish","4":"format-standard","5":"has-post-thumbnail","7":"category-aktualitet","8":"category-vendi"},"_links":{"self":[{"href":"https:\/\/zjarr.tv\/en\/wp-json\/wp\/v2\/posts\/123710","targetHints":{"allow":["GET"]}}],"collection":[{"href":"https:\/\/zjarr.tv\/en\/wp-json\/wp\/v2\/posts"}],"about":[{"href":"https:\/\/zjarr.tv\/en\/wp-json\/wp\/v2\/types\/post"}],"author":[{"embeddable":true,"href":"https:\/\/zjarr.tv\/en\/wp-json\/wp\/v2\/users\/2013"}],"replies":[{"embeddable":true,"href":"https:\/\/zjarr.tv\/en\/wp-json\/wp\/v2\/comments?post=123710"}],"version-history":[{"count":0,"href":"https:\/\/zjarr.tv\/en\/wp-json\/wp\/v2\/posts\/123710\/revisions"}],"wp:featuredmedia":[{"embeddable":true,"href":"https:\/\/zjarr.tv\/en\/wp-json\/wp\/v2\/media\/100526"}],"wp:attachment":[{"href":"https:\/\/zjarr.tv\/en\/wp-json\/wp\/v2\/media?parent=123710"}],"wp:term":[{"taxonomy":"category","embeddable":true,"href":"https:\/\/zjarr.tv\/en\/wp-json\/wp\/v2\/categories?post=123710"},{"taxonomy":"post_tag","embeddable":true,"href":"https:\/\/zjarr.tv\/en\/wp-json\/wp\/v2\/tags?post=123710"}],"curies":[{"name":"wp","href":"https:\/\/api.w.org\/{rel}","templated":true}]}}