{"id":123712,"date":"2020-03-12T14:33:25","date_gmt":"2020-03-12T13:33:25","guid":{"rendered":"https:\/\/zjarr.tv\/?p=123712"},"modified":"2020-03-12T14:33:25","modified_gmt":"2020-03-12T13:33:25","slug":"pezullohet-transporti-publik-ne-lezhe-mbyllen-fasonerite-dhe-fabrikat-e-peshkut","status":"publish","type":"post","link":"https:\/\/zjarr.tv\/en\/pezullohet-transporti-publik-ne-lezhe-mbyllen-fasonerite-dhe-fabrikat-e-peshkut\/","title":{"rendered":"Pezullohet transporti publik, n\u00eb Lezh\u00eb mbyllen fasonerit\u00eb dhe fabrikat e peshkut"},"content":{"rendered":"<p>Ve\u00e7 mbylljes s\u00eb bareve dhe restoranteve, Bashkia e Lezh\u00ebs k\u00ebrkon edhe mbylljen e fasonerive dhe fabrikave t\u00eb peshkut ku grumbullimi i njer\u00ebzve \u00ebsht\u00eb i madh.<\/p>\n<p>Sa i takon transportit publik, kryebashkiaku Pjerin Ndreu ka k\u00ebrkuar dezinfektimin e transportit publik dhe mbylljen e tij.<\/p>\n<p>Edhe Bashkia Gjirokast\u00ebr ka pezulluar pa afat transportin publik qytetas dhe nd\u00ebrqytetas n\u00eb t\u00eb gjith\u00eb territorin e saj. Urdhri \u00ebsht\u00eb firmosur nga kryebashkiaku Flamur Golemi.<\/p>\n<p>Pezullimi i transportit me urban do t\u00eb jet\u00eb n\u00eb fuqi p\u00ebr nj\u00eb afat t\u00eb pacaktuar, n\u00eb m\u00ebnyr\u00eb q\u00eb t\u00eb kufizoj\u00eb l\u00ebvizjen e njer\u00ebzve.<\/p>\n<p>Transporti urban \u00ebsht\u00eb pezulluar edhe n\u00eb Vlor\u00eb nga or\u00ebt e mesdit\u00ebs s\u00eb sotme dhe nuk do t\u00eb lejohen t\u00eb l\u00ebvizin deri n\u00eb nj\u00eb urdh\u00ebr t\u00eb dyt\u00eb.<\/p>","protected":false},"excerpt":{"rendered":"<p>Ve\u00e7 mbylljes s\u00eb bareve dhe restoranteve, Bashkia e Lezh\u00ebs k\u00ebrkon edhe mbylljen e fasonerive dhe fabrikave t\u00eb peshkut ku grumbullimi i njer\u00ebzve \u00ebsht\u00eb i madh. Sa i takon transportit publik, kryebashkiaku Pjerin Ndreu ka k\u00ebrkuar dezinfektimin e transportit publik dhe mbylljen e tij. Edhe Bashkia Gjirokast\u00ebr ka pezulluar pa afat transportin publik qytetas dhe nd\u00ebrqytetas [&hellip;]<\/p>\n","protected":false},"author":2013,"featured_media":123714,"comment_status":"open","ping_status":"closed","sticky":false,"template":"","format":"standard","meta":{"footnotes":""},"categories":[241,235],"tags":[],"class_list":{"0":"post-123712","1":"post","2":"type-post","3":"status-publish","4":"format-standard","5":"has-post-thumbnail","7":"category-aktualitet","8":"category-vendi"},"_links":{"self":[{"href":"https:\/\/zjarr.tv\/en\/wp-json\/wp\/v2\/posts\/123712","targetHints":{"allow":["GET"]}}],"collection":[{"href":"https:\/\/zjarr.tv\/en\/wp-json\/wp\/v2\/posts"}],"about":[{"href":"https:\/\/zjarr.tv\/en\/wp-json\/wp\/v2\/types\/post"}],"author":[{"embeddable":true,"href":"https:\/\/zjarr.tv\/en\/wp-json\/wp\/v2\/users\/2013"}],"replies":[{"embeddable":true,"href":"https:\/\/zjarr.tv\/en\/wp-json\/wp\/v2\/comments?post=123712"}],"version-history":[{"count":0,"href":"https:\/\/zjarr.tv\/en\/wp-json\/wp\/v2\/posts\/123712\/revisions"}],"wp:featuredmedia":[{"embeddable":true,"href":"https:\/\/zjarr.tv\/en\/wp-json\/wp\/v2\/media\/123714"}],"wp:attachment":[{"href":"https:\/\/zjarr.tv\/en\/wp-json\/wp\/v2\/media?parent=123712"}],"wp:term":[{"taxonomy":"category","embeddable":true,"href":"https:\/\/zjarr.tv\/en\/wp-json\/wp\/v2\/categories?post=123712"},{"taxonomy":"post_tag","embeddable":true,"href":"https:\/\/zjarr.tv\/en\/wp-json\/wp\/v2\/tags?post=123712"}],"curies":[{"name":"wp","href":"https:\/\/api.w.org\/{rel}","templated":true}]}}