{"id":123716,"date":"2020-03-12T14:37:15","date_gmt":"2020-03-12T13:37:15","guid":{"rendered":"https:\/\/zjarr.tv\/?p=123716"},"modified":"2020-03-12T14:37:15","modified_gmt":"2020-03-12T13:37:15","slug":"vdes-e-moshuara-ne-kurbin-dyshime-per-koronavirus","status":"publish","type":"post","link":"https:\/\/zjarr.tv\/en\/vdes-e-moshuara-ne-kurbin-dyshime-per-koronavirus\/","title":{"rendered":"Vdes e moshuara n\u00eb Kurbin, dyshime p\u00ebr koronavirus"},"content":{"rendered":"<p>Nj\u00eb 72-vje\u00e7are ka gjetur vdekjen mbr\u00ebmjen e kaluar n\u00eb qendr\u00ebn sh\u00ebndet\u00ebsore t\u00eb Mamurrasit n\u00eb Kurbin. E moshuara nga Mamurrasi ka shkuar n\u00eb gjendje t\u00eb r\u00ebnd\u00eb sh\u00ebndet\u00ebsore me shenja gripale dhe ka nd\u00ebrruar jet\u00eb. Pritet p\u00ebrgjigjia e analizave, pasi ka dyshime p\u00ebr koronavirus.<\/p>\n<p>Ky fakt ka shqet\u00ebsuar dhe personelin mjek\u00ebsor t\u00eb cil\u00ebt jan\u00eb n\u00eb pritje t\u00eb analizave.<\/p>\n<p>Nuk dihet n\u00ebse e moshuara ka pasur historik udh\u00ebtimi n\u00eb Itali pasi familjar\u00ebt nuk jan\u00eb treguar bashk\u00ebpunues<\/p>","protected":false},"excerpt":{"rendered":"<p>Nj\u00eb 72-vje\u00e7are ka gjetur vdekjen mbr\u00ebmjen e kaluar n\u00eb qendr\u00ebn sh\u00ebndet\u00ebsore t\u00eb Mamurrasit n\u00eb Kurbin. E moshuara nga Mamurrasi ka shkuar n\u00eb gjendje t\u00eb r\u00ebnd\u00eb sh\u00ebndet\u00ebsore me shenja gripale dhe ka nd\u00ebrruar jet\u00eb. Pritet p\u00ebrgjigjia e analizave, pasi ka dyshime p\u00ebr koronavirus. Ky fakt ka shqet\u00ebsuar dhe personelin mjek\u00ebsor t\u00eb cil\u00ebt jan\u00eb n\u00eb pritje t\u00eb [&hellip;]<\/p>\n","protected":false},"author":2013,"featured_media":123717,"comment_status":"open","ping_status":"closed","sticky":false,"template":"","format":"standard","meta":{"footnotes":""},"categories":[241,235],"tags":[],"class_list":{"0":"post-123716","1":"post","2":"type-post","3":"status-publish","4":"format-standard","5":"has-post-thumbnail","7":"category-aktualitet","8":"category-vendi"},"_links":{"self":[{"href":"https:\/\/zjarr.tv\/en\/wp-json\/wp\/v2\/posts\/123716","targetHints":{"allow":["GET"]}}],"collection":[{"href":"https:\/\/zjarr.tv\/en\/wp-json\/wp\/v2\/posts"}],"about":[{"href":"https:\/\/zjarr.tv\/en\/wp-json\/wp\/v2\/types\/post"}],"author":[{"embeddable":true,"href":"https:\/\/zjarr.tv\/en\/wp-json\/wp\/v2\/users\/2013"}],"replies":[{"embeddable":true,"href":"https:\/\/zjarr.tv\/en\/wp-json\/wp\/v2\/comments?post=123716"}],"version-history":[{"count":0,"href":"https:\/\/zjarr.tv\/en\/wp-json\/wp\/v2\/posts\/123716\/revisions"}],"wp:featuredmedia":[{"embeddable":true,"href":"https:\/\/zjarr.tv\/en\/wp-json\/wp\/v2\/media\/123717"}],"wp:attachment":[{"href":"https:\/\/zjarr.tv\/en\/wp-json\/wp\/v2\/media?parent=123716"}],"wp:term":[{"taxonomy":"category","embeddable":true,"href":"https:\/\/zjarr.tv\/en\/wp-json\/wp\/v2\/categories?post=123716"},{"taxonomy":"post_tag","embeddable":true,"href":"https:\/\/zjarr.tv\/en\/wp-json\/wp\/v2\/tags?post=123716"}],"curies":[{"name":"wp","href":"https:\/\/api.w.org\/{rel}","templated":true}]}}