{"id":123726,"date":"2020-03-13T11:44:57","date_gmt":"2020-03-13T10:44:57","guid":{"rendered":"https:\/\/zjarr.tv\/?p=123726"},"modified":"2020-03-13T11:44:57","modified_gmt":"2020-03-13T10:44:57","slug":"thyen-urdhrin-dhe-dolen-me-makina-ne-rruge-5-te-shoqeruar-ne-durres","status":"publish","type":"post","link":"https:\/\/zjarr.tv\/en\/thyen-urdhrin-dhe-dolen-me-makina-ne-rruge-5-te-shoqeruar-ne-durres\/","title":{"rendered":"Thyen urdhrin dhe dol\u00ebn me makina n\u00eb rrug\u00eb, 5 t\u00eb shoq\u00ebruar n\u00eb Durr\u00ebs"},"content":{"rendered":"<p>Vendimit t\u00eb qeveris\u00eb p\u00ebr t\u00eb mos lejuar qarkullimin e automjeteve t\u00eb transportit nd\u00ebrurban dhe \u00a0automjeteve private drejt Tiran\u00ebs dhe Durr\u00ebsit apo anasjelltas, nga Tirana dhe Durr\u00ebsi, n\u00eb drejtim t\u00eb zonave t\u00eb tjera t\u00eb vendit nuk i jan\u00eb p\u00ebrgjigjur pozitivisht t\u00eb gjith\u00eb qytetar\u00ebt.<\/p>\n<p>Policia e Durr\u00ebsit ka shoq\u00ebruar sot pes\u00eb persona t\u00eb cil\u00ebt kan\u00eb thyer rregullat duke dal\u00eb n\u00eb rrug\u00eb me makina.<\/p>\n<p>Uniformat blu kan\u00eb paralajm\u00ebruar se do t\u00eb merren masa nd\u00ebshkuese p\u00ebr k\u00ebdo q\u00eb del me makin\u00eb.<\/p>\n<p>Policia u ka b\u00ebr\u00eb thirrje shofer\u00ebve t\u00eb mos dalin n\u00eb rrug\u00eb pasi nuk do t\u00eb tolerohen.<\/p>\n<p><em>&#8220;Asnj\u00eb mjet nuk lejohet n\u00eb rrug\u00eb ve\u00e7 ambulancave dhe makinave shtet\u00ebrore&#8221;.<\/em><\/p>\n<p>E nj\u00ebjta situat\u00eb u konstatua dhe n\u00eb Elbasan, nd\u00ebrsa nuk raportohet p\u00ebr t\u00eb ndaluar.<\/p>\n<p><em><strong>Masat e policis\u00eb<\/strong><\/em><\/p>\n<p>1. Nga dita e premte, dat\u00eb 13.03.2020, ora 06:00, deri t\u00eb diel\u00ebn, dat\u00eb 15.03.2020, ora 00:00, t\u00eb mos lejohet t\u00eb qarkullojn\u00eb automjete t\u00eb transportit nd\u00ebrurban, automjetet private drejt Tiran\u00ebs dhe Durr\u00ebsit apo anasjelltas, nga Tirana dhe Durr\u00ebsi, n\u00eb drejtim t\u00eb zonave t\u00eb tjera t\u00eb vendit.<\/p>\n<p>2. Nga dita e premte, dat\u00eb 13.03.2020, ora 06:00, deri t\u00eb diel\u00ebn, dat\u00eb 15.03.2020, ora 00:00, t\u00eb mos lejohet qarkullimi i automjeteve private brenda n\u00eb qytetin e Tiran\u00ebs, Durr\u00ebsit, Shkodr\u00ebs, Lezh\u00ebs, Elbasanit, Lushnj\u00ebs, Fierit dhe Vlor\u00ebs.<\/p>\n<p>3. Qarkullimi i automjeteve n\u00eb k\u00ebto territore do t\u00eb jet\u00eb i hapur vet\u00ebm p\u00ebr autoambulancat dhe automjetet q\u00eb kryejn\u00eb funksione sh\u00ebrbimi shtet\u00ebror (personeli sh\u00ebndet\u00ebsor dhe social dhe sh\u00ebrbimet mb\u00ebshtet\u00ebse n\u00eb strukturat e kujdesit sh\u00ebndet\u00ebsor, publike dhe jopublike, personeli i farmacive publike dhe jopublike, personeli q\u00eb ofron sh\u00ebrbimet e furnizimit me ushqime, medikamente, sh\u00ebrbimet e kateringut, sh\u00ebrbimet postare, zjarrfik\u00ebse, funerale, energjis\u00eb, uj\u00ebsjell\u00ebs kanalizime, sh\u00ebrbimet private t\u00eb ruajtjes s\u00eb siguris\u00eb s\u00eb objekteve, sh\u00ebrbimet aeroportuale dhe personeli i linjave ajrore), duke d\u00ebrguar pran\u00eb adres\u00ebs s\u00eb email:\u00a0policiarrugore@asp.gov.al, list\u00ebn e personave t\u00eb autorizuar dhe duke i paraqitur punonj\u00ebsve t\u00eb Policis\u00eb nj\u00eb kopje t\u00eb k\u00ebtij email-i.<\/p>\n<p>4. Qarkullimi i automjeteve t\u00eb personave me s\u00ebmundje kronike q\u00eb kan\u00eb t\u00eb planifikuara terapi mjekimi n\u00eb spitale, duke provuar p\u00ebrmes nj\u00eb dokumenti nevoj\u00ebn p\u00ebr trajtimin e tyre, do t\u00eb jet\u00eb i hapur.<\/p>\n<p>5. Do t\u00eb lejohen t\u00eb qarkullojn\u00eb automjete t\u00eb personelit t\u00eb medias, duke paraqitur dokumentin e tyre t\u00eb pun\u00ebsimit ose kart\u00ebn e gazetarit.<\/p>\n<p>6. P\u00ebr qarkullimin vajtje &#8211; ardhje nga aeroporti i Rinasit, drejtuesi i automjetit duhet t\u2019i tregoj\u00eb punonj\u00ebsit t\u00eb policis\u00eb, biletat e fluturimit t\u00eb personave q\u00eb do t\u00eb largohen apo foton e biletave t\u00eb personave q\u00eb do t\u00eb mb\u00ebrrijn\u00eb.<\/p>\n<p>7. Marrja n\u00eb automjetin e pun\u00ebs, e personave t\u00eb familjes apo personave t\u00eb tjer\u00eb q\u00eb s\u2019kan\u00eb lidhje me detyr\u00ebn shtet\u00ebrore \u00ebsht\u00eb rrept\u00ebsisht e ndaluar dhe do t\u00eb nd\u00ebshkohet me sanksione t\u00eb r\u00ebnda t\u00eb parashikuara n\u00eb legjislacionin p\u00ebrkat\u00ebs.<\/p>\n<p>Policia e Shtetit k\u00ebrkon mir\u00ebkuptimin e t\u00eb gjith\u00eb drejtuesve t\u00eb automjeteve q\u00eb t\u00eb respektojn\u00eb k\u00ebto kufizime me rigorozitet, me q\u00ebllim parandalimin e p\u00ebrhapjes s\u00eb COVID-19, duke kontribuuar t\u00eb gjith\u00eb p\u00ebr sigurin\u00eb e jet\u00ebs.<\/p>","protected":false},"excerpt":{"rendered":"<p>Vendimit t\u00eb qeveris\u00eb p\u00ebr t\u00eb mos lejuar qarkullimin e automjeteve t\u00eb transportit nd\u00ebrurban dhe \u00a0automjeteve private drejt Tiran\u00ebs dhe Durr\u00ebsit apo anasjelltas, nga Tirana dhe Durr\u00ebsi, n\u00eb drejtim t\u00eb zonave t\u00eb tjera t\u00eb vendit nuk i jan\u00eb p\u00ebrgjigjur pozitivisht t\u00eb gjith\u00eb qytetar\u00ebt. Policia e Durr\u00ebsit ka shoq\u00ebruar sot pes\u00eb persona t\u00eb cil\u00ebt kan\u00eb thyer rregullat [&hellip;]<\/p>\n","protected":false},"author":2013,"featured_media":123728,"comment_status":"open","ping_status":"closed","sticky":false,"template":"","format":"standard","meta":{"footnotes":""},"categories":[241,235],"tags":[],"class_list":{"0":"post-123726","1":"post","2":"type-post","3":"status-publish","4":"format-standard","5":"has-post-thumbnail","7":"category-aktualitet","8":"category-vendi"},"_links":{"self":[{"href":"https:\/\/zjarr.tv\/en\/wp-json\/wp\/v2\/posts\/123726","targetHints":{"allow":["GET"]}}],"collection":[{"href":"https:\/\/zjarr.tv\/en\/wp-json\/wp\/v2\/posts"}],"about":[{"href":"https:\/\/zjarr.tv\/en\/wp-json\/wp\/v2\/types\/post"}],"author":[{"embeddable":true,"href":"https:\/\/zjarr.tv\/en\/wp-json\/wp\/v2\/users\/2013"}],"replies":[{"embeddable":true,"href":"https:\/\/zjarr.tv\/en\/wp-json\/wp\/v2\/comments?post=123726"}],"version-history":[{"count":0,"href":"https:\/\/zjarr.tv\/en\/wp-json\/wp\/v2\/posts\/123726\/revisions"}],"wp:featuredmedia":[{"embeddable":true,"href":"https:\/\/zjarr.tv\/en\/wp-json\/wp\/v2\/media\/123728"}],"wp:attachment":[{"href":"https:\/\/zjarr.tv\/en\/wp-json\/wp\/v2\/media?parent=123726"}],"wp:term":[{"taxonomy":"category","embeddable":true,"href":"https:\/\/zjarr.tv\/en\/wp-json\/wp\/v2\/categories?post=123726"},{"taxonomy":"post_tag","embeddable":true,"href":"https:\/\/zjarr.tv\/en\/wp-json\/wp\/v2\/tags?post=123726"}],"curies":[{"name":"wp","href":"https:\/\/api.w.org\/{rel}","templated":true}]}}