{"id":123730,"date":"2020-03-13T11:46:26","date_gmt":"2020-03-13T10:46:26","guid":{"rendered":"https:\/\/zjarr.tv\/?p=123730"},"modified":"2020-03-13T11:46:26","modified_gmt":"2020-03-13T10:46:26","slug":"zyrtare-nje-mjek-i-spitalit-te-durresit-pozitiv-nga-koronavirusi-u-kujdes-te-moshuarin-qe-nderroi-jete","status":"publish","type":"post","link":"https:\/\/zjarr.tv\/en\/zyrtare-nje-mjek-i-spitalit-te-durresit-pozitiv-nga-koronavirusi-u-kujdes-te-moshuarin-qe-nderroi-jete\/","title":{"rendered":"Zyrtare: Nj\u00eb mjek i spitalit t\u00eb Durr\u00ebsit pozitiv nga koronavirusi, u kujdes t\u00eb moshuarin q\u00eb nd\u00ebrroi jet\u00eb"},"content":{"rendered":"<p>Nj\u00eb mjek i cili ka mjekuar t\u00eb moshuar\u00ebn q\u00eb humbi jet\u00ebn nga COVID 19 rezulton pozitiv nga koronavirusi.<\/p>\n<p>Aktualisht \u00ebsht\u00eb i vet\u00ebizoluar dhe po hulumtohet m\u00eb tej. Gjithsej jan\u00eb kryer 89 testime n\u00eb spitalin e Durr\u00ebsit informon ministria e Sh\u00ebndet\u00ebsis\u00eb.<\/p>\n<p>Rezulatet nga kampioni i dyt\u00eb i mostrave t\u00eb marra ka nxjerr\u00eb rezultatin q\u00eb mjeku \u00ebsht\u00eb pozitiv nga koronavirusi.<\/p>\n<p><em>&#8220;Si\u00e7 ju kemi b\u00ebr\u00eb t\u00eb ditur n\u00eb daljet e m\u00ebparshme, pas testimit t\u00eb kampionit t\u00eb par\u00eb t\u00eb 50 mjek\u00ebve dhe infermier\u00ebve n\u00eb spitalin e Durr\u00ebsit t\u00eb cil\u00ebt rezultuan negativ\u00eb, ISHP ka vazhduar me gjurmimin e kontakteve, marrjen dhe testimin e mostrave t\u00eb reja t\u00eb stafit mjek\u00ebsor n\u00eb Spitalin Rajonal Durr\u00ebs.<br \/>\nN\u00eb baz\u00eb t\u00eb rezultateve q\u00eb tashm\u00eb kan\u00eb dal\u00eb, nga kampioni i dyt\u00eb i mostrave t\u00eb marra, 39 mostra t\u00eb mjek\u00ebve, infermier\u00ebve dhe pacient\u00ebve, vet\u00ebm 1 mjek rezulton pozitiv, i cili nuk ka simptoma, aktualisht \u00ebsht\u00eb i vet\u00ebizoluar dhe po hulumtohet m\u00eb tej. Gjithsej jan\u00eb kryer 89 testime n\u00eb spitalin e Durr\u00ebsit.<br \/>\nNga numri total i t\u00eb prekurve nga COVID-19 jan\u00eb 25 persona t\u00eb vet\u00ebizoluar n\u00eb gjendje t\u00eb mir\u00eb sh\u00ebndet\u00ebsore dhe 177 t\u00eb vet\u00ebkarantinuar.<br \/>\nDua tju b\u00ebj thirrje edhe nj\u00eb her\u00eb t\u00eb gjith\u00eb qytetar\u00ebve, t\u00eb respektojn\u00eb rregullat e reja dhe t\u00eb q\u00ebndrojn\u00eb n\u00eb sht\u00ebpi. T\u00eb kufizojm\u00eb rrezikun sa m\u00eb shum\u00eb t\u00eb jet\u00eb e mundur!&#8221;\u00a0<\/em><\/p>","protected":false},"excerpt":{"rendered":"<p>Nj\u00eb mjek i cili ka mjekuar t\u00eb moshuar\u00ebn q\u00eb humbi jet\u00ebn nga COVID 19 rezulton pozitiv nga koronavirusi. Aktualisht \u00ebsht\u00eb i vet\u00ebizoluar dhe po hulumtohet m\u00eb tej. Gjithsej jan\u00eb kryer 89 testime n\u00eb spitalin e Durr\u00ebsit informon ministria e Sh\u00ebndet\u00ebsis\u00eb. Rezulatet nga kampioni i dyt\u00eb i mostrave t\u00eb marra ka nxjerr\u00eb rezultatin q\u00eb mjeku \u00ebsht\u00eb [&hellip;]<\/p>\n","protected":false},"author":2013,"featured_media":123731,"comment_status":"open","ping_status":"closed","sticky":false,"template":"","format":"standard","meta":{"footnotes":""},"categories":[241,235],"tags":[],"class_list":{"0":"post-123730","1":"post","2":"type-post","3":"status-publish","4":"format-standard","5":"has-post-thumbnail","7":"category-aktualitet","8":"category-vendi"},"_links":{"self":[{"href":"https:\/\/zjarr.tv\/en\/wp-json\/wp\/v2\/posts\/123730","targetHints":{"allow":["GET"]}}],"collection":[{"href":"https:\/\/zjarr.tv\/en\/wp-json\/wp\/v2\/posts"}],"about":[{"href":"https:\/\/zjarr.tv\/en\/wp-json\/wp\/v2\/types\/post"}],"author":[{"embeddable":true,"href":"https:\/\/zjarr.tv\/en\/wp-json\/wp\/v2\/users\/2013"}],"replies":[{"embeddable":true,"href":"https:\/\/zjarr.tv\/en\/wp-json\/wp\/v2\/comments?post=123730"}],"version-history":[{"count":0,"href":"https:\/\/zjarr.tv\/en\/wp-json\/wp\/v2\/posts\/123730\/revisions"}],"wp:featuredmedia":[{"embeddable":true,"href":"https:\/\/zjarr.tv\/en\/wp-json\/wp\/v2\/media\/123731"}],"wp:attachment":[{"href":"https:\/\/zjarr.tv\/en\/wp-json\/wp\/v2\/media?parent=123730"}],"wp:term":[{"taxonomy":"category","embeddable":true,"href":"https:\/\/zjarr.tv\/en\/wp-json\/wp\/v2\/categories?post=123730"},{"taxonomy":"post_tag","embeddable":true,"href":"https:\/\/zjarr.tv\/en\/wp-json\/wp\/v2\/tags?post=123730"}],"curies":[{"name":"wp","href":"https:\/\/api.w.org\/{rel}","templated":true}]}}