{"id":123735,"date":"2020-03-13T11:49:01","date_gmt":"2020-03-13T10:49:01","guid":{"rendered":"https:\/\/zjarr.tv\/?p=123735"},"modified":"2020-03-13T11:49:01","modified_gmt":"2020-03-13T10:49:01","slug":"ne-nga-spitali-ju-nga-shtepia-i-heqim-kuroren-ketij-virusi","status":"publish","type":"post","link":"https:\/\/zjarr.tv\/en\/ne-nga-spitali-ju-nga-shtepia-i-heqim-kuroren-ketij-virusi\/","title":{"rendered":"&#8220;Ne nga spitali ju nga sht\u00ebpia i heqim kuror\u00ebn k\u00ebtij virusi&#8221;"},"content":{"rendered":"<p>Mjek\u00ebt jan\u00eb ata q\u00eb po b\u00ebjn\u00eb sakrific\u00ebn m\u00eb t\u00eb madhe dhe po p\u00ebrballen n\u00eb vij\u00ebn e par\u00eb t\u00eb \u201cluft\u00ebs\u201d me koronavirusin. Nj\u00eb grup mjek\u00ebsh t\u00eb Spitalit \u201cKo\u00e7o Gliozheni\u201d, kan\u00eb shp\u00ebrndar\u00eb foto ku secili mban nj\u00eb let\u00ebr ku shkruhet: \u201c<em>Ne nga sitali ju nga sht\u00ebpia i heqim kuror\u00ebn k\u00ebtij virusi<\/em>\u201d, shkruhet n\u00eb mesazhin publik t\u00eb mjek\u00ebve.<\/p>\n<p>Fotot jan\u00eb publikuar nga mjekja e njohur Anika Dokle, e cila gjithashtu shkruan:\u00a0<em>\u201cT\u00eb gjith\u00eb bashk\u00eb do t`ia dalim\u201d<\/em>. Nd\u00ebrkoh\u00eb, n\u00eb hyrje t\u00eb spitalit infektiv n\u00eb QSUT, Urdhri i Infermierit ka vendosur nj\u00eb pankart\u00eb sensibilizuese me mjek\u00ebt dhe infermier\u00ebt q\u00eb po p\u00ebrballen me kkoronavirusin. \u201c<em>Mjek\u00eb dhe infermier\u00eb jemi krenar\u00eb p\u00ebr pun\u00ebn tuaj n\u00eb k\u00ebto dit\u00eb pandemie. Faleminderit \u00e7ka b\u00ebn<\/em>i\u201d, shkruhet n\u00eb mesazhin e Urdhrit t\u00eb Infermierit.<\/p>\n<p>Kujtojm\u00eb se a gjat\u00eb dit\u00ebs s\u00eb premte Ministria e Sh\u00ebndet\u00ebsis\u00eb konfirmoi shtimin e rasteve me koronavirus n\u00eb vendin ton\u00eb, duke e \u00e7uar n\u00eb 33 numrin e t\u00eb infektuarve. Nd\u00ebrkoh\u00eb, harta tashm\u00eb \u00ebsht\u00eb zgjeruar pasi 4 persona jan\u00eb konfirmuar pozitiv n\u00eb qytetin e Fierit.<\/p>","protected":false},"excerpt":{"rendered":"<p>Mjek\u00ebt jan\u00eb ata q\u00eb po b\u00ebjn\u00eb sakrific\u00ebn m\u00eb t\u00eb madhe dhe po p\u00ebrballen n\u00eb vij\u00ebn e par\u00eb t\u00eb \u201cluft\u00ebs\u201d me koronavirusin. Nj\u00eb grup mjek\u00ebsh t\u00eb Spitalit \u201cKo\u00e7o Gliozheni\u201d, kan\u00eb shp\u00ebrndar\u00eb foto ku secili mban nj\u00eb let\u00ebr ku shkruhet: \u201cNe nga sitali ju nga sht\u00ebpia i heqim kuror\u00ebn k\u00ebtij virusi\u201d, shkruhet n\u00eb mesazhin publik t\u00eb mjek\u00ebve. [&hellip;]<\/p>\n","protected":false},"author":2013,"featured_media":123736,"comment_status":"open","ping_status":"closed","sticky":false,"template":"","format":"standard","meta":{"footnotes":""},"categories":[241,235],"tags":[],"class_list":{"0":"post-123735","1":"post","2":"type-post","3":"status-publish","4":"format-standard","5":"has-post-thumbnail","7":"category-aktualitet","8":"category-vendi"},"_links":{"self":[{"href":"https:\/\/zjarr.tv\/en\/wp-json\/wp\/v2\/posts\/123735","targetHints":{"allow":["GET"]}}],"collection":[{"href":"https:\/\/zjarr.tv\/en\/wp-json\/wp\/v2\/posts"}],"about":[{"href":"https:\/\/zjarr.tv\/en\/wp-json\/wp\/v2\/types\/post"}],"author":[{"embeddable":true,"href":"https:\/\/zjarr.tv\/en\/wp-json\/wp\/v2\/users\/2013"}],"replies":[{"embeddable":true,"href":"https:\/\/zjarr.tv\/en\/wp-json\/wp\/v2\/comments?post=123735"}],"version-history":[{"count":0,"href":"https:\/\/zjarr.tv\/en\/wp-json\/wp\/v2\/posts\/123735\/revisions"}],"wp:featuredmedia":[{"embeddable":true,"href":"https:\/\/zjarr.tv\/en\/wp-json\/wp\/v2\/media\/123736"}],"wp:attachment":[{"href":"https:\/\/zjarr.tv\/en\/wp-json\/wp\/v2\/media?parent=123735"}],"wp:term":[{"taxonomy":"category","embeddable":true,"href":"https:\/\/zjarr.tv\/en\/wp-json\/wp\/v2\/categories?post=123735"},{"taxonomy":"post_tag","embeddable":true,"href":"https:\/\/zjarr.tv\/en\/wp-json\/wp\/v2\/tags?post=123735"}],"curies":[{"name":"wp","href":"https:\/\/api.w.org\/{rel}","templated":true}]}}