{"id":123741,"date":"2020-03-13T13:10:51","date_gmt":"2020-03-13T12:10:51","guid":{"rendered":"https:\/\/zjarr.tv\/?p=123741"},"modified":"2020-03-13T13:10:51","modified_gmt":"2020-03-13T12:10:51","slug":"ministrja-e-shendetesise-flet-me-mjeket-e-ngujuar-ne-infektivi","status":"publish","type":"post","link":"https:\/\/zjarr.tv\/en\/ministrja-e-shendetesise-flet-me-mjeket-e-ngujuar-ne-infektivi\/","title":{"rendered":"Ministrja e Sh\u00ebndet\u00ebsis\u00eb flet me mjek\u00ebt e \u2018ngujuar\u2019 n\u00eb Infektivi"},"content":{"rendered":"<p>Ministrja e Sh\u00ebndet\u00ebsis\u00eb, Ogerta Manastirliu ka komunikuar p\u00ebrmes nj\u00eb lidhje live me telefon me ekipin e mjek\u00ebve dhe infermier\u00ebve t\u00eb \u2018ngujuar\u2019 brenda spitalit t\u00eb Infektivit, i cili \u00ebsht\u00eb kthyer n\u00eb karantin\u00eb p\u00ebr t\u00eb s\u00ebmur\u00ebt e prekur nga koronavirusi.<\/p>\n<p>Teksa i p\u00ebrsh\u00ebndeti, ministrja i falend\u00ebroi stafin mjek\u00ebsor si dhe i pyeti mbi gjendjen sh\u00ebndet\u00ebsore t\u00eb 8 pacient\u00ebve q\u00eb ndodhen aktualisht t\u00eb shtruar n\u00eb k\u00ebt\u00eb spital. Nj\u00eb nga mjeket pohoi se 8 pacient\u00ebt jan\u00eb n\u00eb gjendje t\u00eb mir\u00eb. Po ashtu ajo tha se shqiptar\u00ebt duhet t\u00eb ken\u00eb besim tek stafi mjek\u00ebsor q\u00eb po merret me k\u00ebto raste.<\/p>\n<p><strong>Bashkebisedimi<\/strong><br \/>\n<strong>Ministrja:<\/strong>\u00a0P\u00ebrsh\u00ebndetje!<\/p>\n<p><strong>Mjekja:<\/strong>\u00a0Si kaluat mir\u00eb?<\/p>\n<p><strong>Ministrja:<\/strong>\u00a0Mir\u00eb si jeni?<\/p>\n<p><strong>Mjekja:\u00a0<\/strong>Na dalloni dot?<\/p>\n<p><strong>Ministrja:<\/strong>\u00a0Po ju dalloj. Profesor Dhimitri, faleminderit q\u00eb na u bashkuat prap\u00eb. Si \u00ebsht\u00eb gjendja e t\u00eb s\u00ebmur\u00ebve?<\/p>\n<p><strong>Mjekja:<\/strong>\u00a08 t\u00eb s\u00ebmurit jan\u00eb n\u00eb gjendje t\u00eb mir\u00eb. Nj\u00ebri n\u00eb gjendje t\u00eb mesme. Vazhdon puna, ekipi \u00ebsht\u00eb n\u00eb krye t\u00eb detyr\u00ebs. Doktori dhe infermier\u00ebt jan\u00eb t\u00eb veshur. Disa jan\u00eb gjysm\u00eb t\u00eb veshur.<\/p>\n<p><strong>Ministrja:<\/strong>\u00a0Do doja t\u00eb isha aty me ju. Mendoj e kemi aty, jemi duke u ndjekur n\u00eb distanc\u00eb.<\/p>\n<p><strong>Mjekja:<\/strong>\u00a0Vazhdoni punoni. Kini besim tek puna jon\u00eb. Kini besim!<\/p>","protected":false},"excerpt":{"rendered":"<p>Ministrja e Sh\u00ebndet\u00ebsis\u00eb, Ogerta Manastirliu ka komunikuar p\u00ebrmes nj\u00eb lidhje live me telefon me ekipin e mjek\u00ebve dhe infermier\u00ebve t\u00eb \u2018ngujuar\u2019 brenda spitalit t\u00eb Infektivit, i cili \u00ebsht\u00eb kthyer n\u00eb karantin\u00eb p\u00ebr t\u00eb s\u00ebmur\u00ebt e prekur nga koronavirusi. Teksa i p\u00ebrsh\u00ebndeti, ministrja i falend\u00ebroi stafin mjek\u00ebsor si dhe i pyeti mbi gjendjen sh\u00ebndet\u00ebsore t\u00eb 8 [&hellip;]<\/p>\n","protected":false},"author":2013,"featured_media":123742,"comment_status":"open","ping_status":"closed","sticky":false,"template":"","format":"standard","meta":{"footnotes":""},"categories":[241,235],"tags":[],"class_list":{"0":"post-123741","1":"post","2":"type-post","3":"status-publish","4":"format-standard","5":"has-post-thumbnail","7":"category-aktualitet","8":"category-vendi"},"_links":{"self":[{"href":"https:\/\/zjarr.tv\/en\/wp-json\/wp\/v2\/posts\/123741","targetHints":{"allow":["GET"]}}],"collection":[{"href":"https:\/\/zjarr.tv\/en\/wp-json\/wp\/v2\/posts"}],"about":[{"href":"https:\/\/zjarr.tv\/en\/wp-json\/wp\/v2\/types\/post"}],"author":[{"embeddable":true,"href":"https:\/\/zjarr.tv\/en\/wp-json\/wp\/v2\/users\/2013"}],"replies":[{"embeddable":true,"href":"https:\/\/zjarr.tv\/en\/wp-json\/wp\/v2\/comments?post=123741"}],"version-history":[{"count":0,"href":"https:\/\/zjarr.tv\/en\/wp-json\/wp\/v2\/posts\/123741\/revisions"}],"wp:featuredmedia":[{"embeddable":true,"href":"https:\/\/zjarr.tv\/en\/wp-json\/wp\/v2\/media\/123742"}],"wp:attachment":[{"href":"https:\/\/zjarr.tv\/en\/wp-json\/wp\/v2\/media?parent=123741"}],"wp:term":[{"taxonomy":"category","embeddable":true,"href":"https:\/\/zjarr.tv\/en\/wp-json\/wp\/v2\/categories?post=123741"},{"taxonomy":"post_tag","embeddable":true,"href":"https:\/\/zjarr.tv\/en\/wp-json\/wp\/v2\/tags?post=123741"}],"curies":[{"name":"wp","href":"https:\/\/api.w.org\/{rel}","templated":true}]}}