{"id":123744,"date":"2020-03-13T13:13:26","date_gmt":"2020-03-13T12:13:26","guid":{"rendered":"https:\/\/zjarr.tv\/?p=123744"},"modified":"2020-03-13T13:13:26","modified_gmt":"2020-03-13T12:13:26","slug":"pd-denojme-nderhyrjen-nga-edi-rama-ne-mundesine-per-komunikim-normal-te-qytetareve-me-telefon","status":"publish","type":"post","link":"https:\/\/zjarr.tv\/en\/pd-denojme-nderhyrjen-nga-edi-rama-ne-mundesine-per-komunikim-normal-te-qytetareve-me-telefon\/","title":{"rendered":"PD: D\u00ebnojm\u00eb nd\u00ebrhyrjen nga Edi Rama n\u00eb mund\u00ebsin\u00eb p\u00ebr komunikim normal t\u00eb qytetar\u00ebve me telefon"},"content":{"rendered":"<p>Partia Demokratike ka reaguar sot n\u00eb lidhje me mesazhin vokal q\u00eb kryeministri Edi Rama ka b\u00ebr\u00eb n\u00eb \u00e7do num\u00ebr telefoni. PD thot\u00eb se d\u00ebnon nd\u00ebrhyrjen nga Edi Rama n\u00eb mund\u00ebsin\u00eb p\u00ebr komunikim normal t\u00eb qytetar\u00ebve me telefon.<\/p>\n<p>\u201cN\u00eb vend t\u00eb sh\u00ebrbimit ndaj propagand\u00ebs, kompanit\u00eb celulare t\u00eb ofrojn\u00eb internet falas p\u00ebr t\u00eb ndihmuar f\u00ebmij\u00ebt q\u00eb po m\u00ebsojn\u00eb online\u201d, deklaron PD.<\/p>\n<p>REAGIM I PARTIS\u00cb DEMOKRATIKE T\u00cb SHQIP\u00cbRIS\u00cb<br \/>\nPartia Demokratike ka marr\u00eb me mij\u00ebra ankesa dhe mesazhe nga qytetar\u00ebt t\u00eb shqet\u00ebsuar p\u00ebr vonesa dhe anomali n\u00eb lidhjet telefonike me familjar\u00ebt apo miqt\u00eb, p\u00ebr shkak t\u00eb nj\u00eb mesazhi pengues zanor personal t\u00eb Edi Ram\u00ebs, q\u00eb i paraprin telefonatave t\u00eb tyre.<\/p>\n<p>N\u00eb \u00e7do vend, ku Kryeministri shqet\u00ebsohet p\u00ebr qytetar\u00ebt dhe jo p\u00ebr propagand\u00ebn e tij, mesazhet sensibilizuese p\u00ebr sh\u00ebndetin d\u00ebrgohen nga institucionet e sh\u00ebndetit publik, jo nga politikan\u00ebt.<\/p>\n<p>Partia Demokratike e d\u00ebnon k\u00ebt\u00eb akt flagrant t\u00eb nd\u00ebrhyrjes n\u00eb privat\u00ebsin\u00eb dhe mund\u00ebsin\u00eb p\u00ebr komunikim normal t\u00eb qytetar\u00ebve nga Edi Rama, q\u00eb p\u00ebrdor AKEP-in si zyr\u00eb propagande t\u00eb PS.<\/p>\n<p>PD apelon kompanit\u00eb celulare q\u00eb t\u00eb nd\u00ebrpresin menj\u00ebher\u00eb shkeljen e ligjit dhe kushteve t\u00eb kontrat\u00ebs me klient\u00ebt dhe t\u00eb rikthejn\u00eb komunikimin e shpejt\u00eb dhe normal mes qytetar\u00ebve.<\/p>\n<p>Kompanit\u00eb celulare, n\u00eb vend q\u00eb t\u2019i sh\u00ebrbejn\u00eb nj\u00eb individi dhe propagand\u00ebs personale t\u00eb tij, mund t\u00eb luajn\u00eb nj\u00eb rol t\u00eb dobish\u00ebm n\u00eb k\u00ebto momente kritike p\u00ebr bashk\u00ebqytetar\u00ebt tan\u00eb.<\/p>\n<p>Mij\u00ebra f\u00ebmij\u00eb jan\u00eb duke marr\u00eb m\u00ebsim online dhe kan\u00eb nevoj\u00eb p\u00ebr internet. Shumica d\u00ebrrmuese e familjeve shqiptare e kan\u00eb t\u00eb pamundur t\u00eb p\u00ebrballojn\u00eb fatur\u00ebn e internetit.<\/p>\n<p>Nj\u00eb mas\u00eb e dobishme nga kompanit\u00eb celulare \u00ebsht\u00eb t\u00eb mund\u00ebsojn\u00eb internet falas gjat\u00eb kriz\u00ebs p\u00ebr t\u00eb gjith\u00eb njer\u00ebzit n\u00eb nevoj\u00eb dhe p\u00ebr prind\u00ebrit e f\u00ebmij\u00ebve n\u00eb shkoll\u00eb, duke siguruar akses t\u00eb plot\u00eb n\u00eb m\u00ebsimin online.<\/p>\n<p>Partia Demokratike d\u00ebnon thirrjen e pap\u00ebrgjegjshme t\u00eb Edi Ram\u00ebs p\u00ebr t\u00eb bojkotuar mediat. N\u00eb nj\u00eb vend demokratik, media e lir\u00eb \u00ebsht\u00eb mjeti m\u00eb i besuesh\u00ebm i marrjes s\u00eb informacionit nga qytetar\u00ebt.<\/p>\n<p>P\u00ebrmes medias dhe \u00e7do forme tjet\u00ebr komunikimi, qytetar\u00ebt kan\u00eb nevoj\u00eb t\u00eb d\u00ebgjojn\u00eb z\u00ebrin e mjek\u00ebve dhe t\u00eb specialist\u00ebve, jo z\u00ebrin e propagand\u00ebs apo t\u00eb kryeministrit n\u00eb hall p\u00ebr pik\u00ebt n\u00eb r\u00ebnie t\u00eb pushtetit t\u00eb tij.<\/p>\n<p>N\u00eb vend q\u00eb t\u00eb politizoj\u00eb gjith\u00e7ka, duke shqet\u00ebsuar qytetar\u00ebt dhe duke sulmuar opozit\u00ebn, Edi Rama duhet t\u00eb kryej\u00eb detyrat e kryeministrit p\u00ebr t\u2019ua leht\u00ebsuar qytetar\u00ebve dhe personelit sh\u00ebndet\u00ebsor k\u00ebt\u00eb moment t\u00eb v\u00ebshtir\u00eb.<\/p>\n<p>Kryeministri ka detyr\u00eb q\u00eb t\u00eb rris\u00eb buxhetin e nevojsh\u00ebm p\u00ebr p\u00ebrballimin e k\u00ebsaj situate. 3 milion\u00eb euro jan\u00eb krejt t\u00eb pamjaftueshme!<br \/>\nN\u00eb vend t\u00eb mesazheve telefonike, qytetar\u00ebt duan q\u00eb Kryeministri t\u00eb marr\u00eb masa p\u00ebr t\u00eb mbrojtur biznesin nga mbyllja e p\u00ebrkohshme e detyrueshme, duke e leht\u00ebsuar nga detyrimet tatimore. Qytetar\u00ebt duan siguri nga profesionist\u00ebt, jo propagand\u00eb nga pushtetar\u00ebt!<\/p>","protected":false},"excerpt":{"rendered":"<p>Partia Demokratike ka reaguar sot n\u00eb lidhje me mesazhin vokal q\u00eb kryeministri Edi Rama ka b\u00ebr\u00eb n\u00eb \u00e7do num\u00ebr telefoni. PD thot\u00eb se d\u00ebnon nd\u00ebrhyrjen nga Edi Rama n\u00eb mund\u00ebsin\u00eb p\u00ebr komunikim normal t\u00eb qytetar\u00ebve me telefon. \u201cN\u00eb vend t\u00eb sh\u00ebrbimit ndaj propagand\u00ebs, kompanit\u00eb celulare t\u00eb ofrojn\u00eb internet falas p\u00ebr t\u00eb ndihmuar f\u00ebmij\u00ebt q\u00eb po [&hellip;]<\/p>\n","protected":false},"author":2013,"featured_media":100526,"comment_status":"open","ping_status":"closed","sticky":false,"template":"","format":"standard","meta":{"footnotes":""},"categories":[241,235],"tags":[],"class_list":{"0":"post-123744","1":"post","2":"type-post","3":"status-publish","4":"format-standard","5":"has-post-thumbnail","7":"category-aktualitet","8":"category-vendi"},"_links":{"self":[{"href":"https:\/\/zjarr.tv\/en\/wp-json\/wp\/v2\/posts\/123744","targetHints":{"allow":["GET"]}}],"collection":[{"href":"https:\/\/zjarr.tv\/en\/wp-json\/wp\/v2\/posts"}],"about":[{"href":"https:\/\/zjarr.tv\/en\/wp-json\/wp\/v2\/types\/post"}],"author":[{"embeddable":true,"href":"https:\/\/zjarr.tv\/en\/wp-json\/wp\/v2\/users\/2013"}],"replies":[{"embeddable":true,"href":"https:\/\/zjarr.tv\/en\/wp-json\/wp\/v2\/comments?post=123744"}],"version-history":[{"count":0,"href":"https:\/\/zjarr.tv\/en\/wp-json\/wp\/v2\/posts\/123744\/revisions"}],"wp:featuredmedia":[{"embeddable":true,"href":"https:\/\/zjarr.tv\/en\/wp-json\/wp\/v2\/media\/100526"}],"wp:attachment":[{"href":"https:\/\/zjarr.tv\/en\/wp-json\/wp\/v2\/media?parent=123744"}],"wp:term":[{"taxonomy":"category","embeddable":true,"href":"https:\/\/zjarr.tv\/en\/wp-json\/wp\/v2\/categories?post=123744"},{"taxonomy":"post_tag","embeddable":true,"href":"https:\/\/zjarr.tv\/en\/wp-json\/wp\/v2\/tags?post=123744"}],"curies":[{"name":"wp","href":"https:\/\/api.w.org\/{rel}","templated":true}]}}