{"id":123746,"date":"2020-03-13T13:15:57","date_gmt":"2020-03-13T12:15:57","guid":{"rendered":"https:\/\/zjarr.tv\/?p=123746"},"modified":"2020-03-13T13:15:57","modified_gmt":"2020-03-13T12:15:57","slug":"rama-mirenjohja-ska-fund-per-heronjte-e-spitalit-infektiv-shqiperia-do-te-beje-me-te-miren-e-mundshme","status":"publish","type":"post","link":"https:\/\/zjarr.tv\/en\/rama-mirenjohja-ska-fund-per-heronjte-e-spitalit-infektiv-shqiperia-do-te-beje-me-te-miren-e-mundshme\/","title":{"rendered":"Rama: Mir\u00ebnjohja s\u2019ka fund p\u00ebr heronjt\u00eb e spitalit Infektiv, Shqip\u00ebria do t\u00eb b\u00ebj\u00eb m\u00eb t\u00eb mir\u00ebn e mundshme"},"content":{"rendered":"<p>Kryeministri Edi Rama ka shprehur mir\u00ebnjohje p\u00ebr personelin mjek\u00ebsor t\u00eb spitalit Infektiv q\u00eb po trajton rastet e prekura nga koronavirusi.<\/p>\n<p>P\u00ebrmes nj\u00eb postimi n\u00eb \u2018Facebook\u2019 Rama ky personel po tregon nj\u00eb aft\u00ebsi t\u00eb admirueshme profesionale. Nd\u00ebrkoh\u00eb, Rama nuk kurseu mb\u00ebshtetjen dhe p\u00ebr ministren e Sh\u00ebndet\u00ebsis\u00eb Ogerta Manastirliu.<\/p>\n<p><strong>MESAZHI I RAM\u00cbS<\/strong><br \/>\n\ud83d\udd34 MIR\u00cbNJOHJA S\u2019KA FUND P\u00cbR HERONJT\u00cb E SPITALIT INFEKTIV, Q\u00cb JO VET\u00cbM PO B\u00cbJN\u00cb BETEJ\u00cbN E JET\u00cbS S\u00cb TYRE N\u00cbN AT\u00cb \u00c7ATI, POR PO TREGOJN\u00cb NJ\u00cb AFT\u00cbSI T\u00cb ADMIRUESHME PROFESIONALE N\u00cb \u00c7DO ASPEKT\ud83d\ude4f<br \/>\n\ud83d\udd34 KRENAR P\u00cbR OGERT\u00cbN Q\u00cb PO UDH\u00cbHEQ ME P\u00cbRKUSHTIM T\u00cb MADH, QART\u00cbSI E VENDOSM\u00cbRI MBRES\u00cbL\u00cbN\u00cbSE N\u00cb NJ\u00cb FRONT, KU \u00c7DO OR\u00cb \u00cbSHT\u00cb NJ\u00cb SFID\u00cb M\u00cb VETE DHE KU FUNDI I TUNELIT \u00cbSHT\u00cb ENDE LARG\ud83d\ude4f<br \/>\n\ud83d\udd34 ME K\u00cbTA NJER\u00cbZ JINI T\u00cb BINDUR SE SHQIP\u00cbRIA DO T\u00cb B\u00cbJ\u00cb M\u00cb T\u00cb MIR\u00cbN E MUNDSHME\ud83d\ude4f<\/p>","protected":false},"excerpt":{"rendered":"<p>Kryeministri Edi Rama ka shprehur mir\u00ebnjohje p\u00ebr personelin mjek\u00ebsor t\u00eb spitalit Infektiv q\u00eb po trajton rastet e prekura nga koronavirusi. P\u00ebrmes nj\u00eb postimi n\u00eb \u2018Facebook\u2019 Rama ky personel po tregon nj\u00eb aft\u00ebsi t\u00eb admirueshme profesionale. Nd\u00ebrkoh\u00eb, Rama nuk kurseu mb\u00ebshtetjen dhe p\u00ebr ministren e Sh\u00ebndet\u00ebsis\u00eb Ogerta Manastirliu. MESAZHI I RAM\u00cbS \ud83d\udd34 MIR\u00cbNJOHJA S\u2019KA FUND P\u00cbR [&hellip;]<\/p>\n","protected":false},"author":2013,"featured_media":123747,"comment_status":"open","ping_status":"closed","sticky":false,"template":"","format":"standard","meta":{"footnotes":""},"categories":[241,235],"tags":[],"class_list":{"0":"post-123746","1":"post","2":"type-post","3":"status-publish","4":"format-standard","5":"has-post-thumbnail","7":"category-aktualitet","8":"category-vendi"},"_links":{"self":[{"href":"https:\/\/zjarr.tv\/en\/wp-json\/wp\/v2\/posts\/123746","targetHints":{"allow":["GET"]}}],"collection":[{"href":"https:\/\/zjarr.tv\/en\/wp-json\/wp\/v2\/posts"}],"about":[{"href":"https:\/\/zjarr.tv\/en\/wp-json\/wp\/v2\/types\/post"}],"author":[{"embeddable":true,"href":"https:\/\/zjarr.tv\/en\/wp-json\/wp\/v2\/users\/2013"}],"replies":[{"embeddable":true,"href":"https:\/\/zjarr.tv\/en\/wp-json\/wp\/v2\/comments?post=123746"}],"version-history":[{"count":0,"href":"https:\/\/zjarr.tv\/en\/wp-json\/wp\/v2\/posts\/123746\/revisions"}],"wp:featuredmedia":[{"embeddable":true,"href":"https:\/\/zjarr.tv\/en\/wp-json\/wp\/v2\/media\/123747"}],"wp:attachment":[{"href":"https:\/\/zjarr.tv\/en\/wp-json\/wp\/v2\/media?parent=123746"}],"wp:term":[{"taxonomy":"category","embeddable":true,"href":"https:\/\/zjarr.tv\/en\/wp-json\/wp\/v2\/categories?post=123746"},{"taxonomy":"post_tag","embeddable":true,"href":"https:\/\/zjarr.tv\/en\/wp-json\/wp\/v2\/tags?post=123746"}],"curies":[{"name":"wp","href":"https:\/\/api.w.org\/{rel}","templated":true}]}}