{"id":123749,"date":"2020-03-13T14:21:57","date_gmt":"2020-03-13T13:21:57","guid":{"rendered":"https:\/\/zjarr.tv\/?p=123749"},"modified":"2020-03-13T14:21:57","modified_gmt":"2020-03-13T13:21:57","slug":"ministrja-shahini-planet-tona-jane-qe-mesimin-ta-fillojme-me-23-mars","status":"publish","type":"post","link":"https:\/\/zjarr.tv\/en\/ministrja-shahini-planet-tona-jane-qe-mesimin-ta-fillojme-me-23-mars\/","title":{"rendered":"Ministrja Shahini: Planet tona jan\u00eb q\u00eb m\u00ebsimin ta fillojm\u00eb m\u00eb 23 mars"},"content":{"rendered":"<p>Ministrja e Arsmit Besa Shahini, u \u00ebsht\u00eb p\u00ebrgjigjur pyetjeve lidhur me situat\u00ebn e shkollave pas vendimit p\u00ebr ti mbyllur nga p\u00ebrhapja e koronavirusit.<\/p>\n<p>Shahini deklaroi n\u00ebp\u00ebrmjet nj\u00eb komunikimi live n\u00eb Facebook, se planet jan\u00eb q\u00eb m\u00ebsimi t\u00eb rifilloj\u00eb me 23 mars.<\/p>\n<p>Sipas saj mbyllja e shkollave p\u00ebr dy jav\u00eb ishte e nevojshme por edhe e mjaftueshme.<\/p>\n<p>Ministrja informoi gjithashtu se shkollat po dezinfektohen dhe jav\u00ebs tjet\u00ebr mund t\u00eb p\u00ebrfundoj\u00eb ky proces.<\/p>\n<p><iframe loading=\"lazy\" src=\"https:\/\/www.facebook.com\/plugins\/video.php?href=https%3A%2F%2Fwww.facebook.com%2Fshahinibesa%2Fvideos%2F2718188155078161%2F&amp;show_text=0&amp;width=273\" width=\"273\" height=\"476\" frameborder=\"0\" scrolling=\"no\" allowfullscreen=\"allowfullscreen\" data-mce-fragment=\"1\"><\/iframe><\/p>","protected":false},"excerpt":{"rendered":"<p>Ministrja e Arsmit Besa Shahini, u \u00ebsht\u00eb p\u00ebrgjigjur pyetjeve lidhur me situat\u00ebn e shkollave pas vendimit p\u00ebr ti mbyllur nga p\u00ebrhapja e koronavirusit. Shahini deklaroi n\u00ebp\u00ebrmjet nj\u00eb komunikimi live n\u00eb Facebook, se planet jan\u00eb q\u00eb m\u00ebsimi t\u00eb rifilloj\u00eb me 23 mars. Sipas saj mbyllja e shkollave p\u00ebr dy jav\u00eb ishte e nevojshme por edhe e [&hellip;]<\/p>\n","protected":false},"author":2013,"featured_media":123750,"comment_status":"open","ping_status":"closed","sticky":false,"template":"","format":"standard","meta":{"footnotes":""},"categories":[241,235],"tags":[],"class_list":{"0":"post-123749","1":"post","2":"type-post","3":"status-publish","4":"format-standard","5":"has-post-thumbnail","7":"category-aktualitet","8":"category-vendi"},"_links":{"self":[{"href":"https:\/\/zjarr.tv\/en\/wp-json\/wp\/v2\/posts\/123749","targetHints":{"allow":["GET"]}}],"collection":[{"href":"https:\/\/zjarr.tv\/en\/wp-json\/wp\/v2\/posts"}],"about":[{"href":"https:\/\/zjarr.tv\/en\/wp-json\/wp\/v2\/types\/post"}],"author":[{"embeddable":true,"href":"https:\/\/zjarr.tv\/en\/wp-json\/wp\/v2\/users\/2013"}],"replies":[{"embeddable":true,"href":"https:\/\/zjarr.tv\/en\/wp-json\/wp\/v2\/comments?post=123749"}],"version-history":[{"count":0,"href":"https:\/\/zjarr.tv\/en\/wp-json\/wp\/v2\/posts\/123749\/revisions"}],"wp:featuredmedia":[{"embeddable":true,"href":"https:\/\/zjarr.tv\/en\/wp-json\/wp\/v2\/media\/123750"}],"wp:attachment":[{"href":"https:\/\/zjarr.tv\/en\/wp-json\/wp\/v2\/media?parent=123749"}],"wp:term":[{"taxonomy":"category","embeddable":true,"href":"https:\/\/zjarr.tv\/en\/wp-json\/wp\/v2\/categories?post=123749"},{"taxonomy":"post_tag","embeddable":true,"href":"https:\/\/zjarr.tv\/en\/wp-json\/wp\/v2\/tags?post=123749"}],"curies":[{"name":"wp","href":"https:\/\/api.w.org\/{rel}","templated":true}]}}