{"id":123752,"date":"2020-03-13T14:50:03","date_gmt":"2020-03-13T13:50:03","guid":{"rendered":"https:\/\/zjarr.tv\/?p=123752"},"modified":"2020-03-13T14:50:03","modified_gmt":"2020-03-13T13:50:03","slug":"tirane-paraqitet-nje-tjeter-rast-i-dyshuar-me-koronavirus-ne-spitalin-infektiv","status":"publish","type":"post","link":"https:\/\/zjarr.tv\/en\/tirane-paraqitet-nje-tjeter-rast-i-dyshuar-me-koronavirus-ne-spitalin-infektiv\/","title":{"rendered":"Tiran\u00eb, paraqitet nj\u00eb tjet\u00ebr rast i dyshuar me koronavirus n\u00eb Spitalin Infektiv"},"content":{"rendered":"<p>Nj\u00eb tjet\u00ebr rast i dyshuar me koronavirus \u00ebsht\u00eb paraqitur rreth or\u00ebs 14:00 n\u00eb Spitalin Infektiv.<\/p>\n<p>Nj\u00eb grua ishte paraqitur n\u00eb nj\u00eb spital privat p\u00ebr t\u00eb marr\u00eb mjekim dhe i \u00ebsht\u00eb rekomanduar q\u00eb t\u00eb shkoj\u00eb n\u00eb Spitalin Infektiv p\u00ebr t\u00eb b\u00ebr\u00eb analizat e Covid-19.<\/p>\n<p>51-vje\u00e7arja nuk pranohet nga Spitali Infektiv sepse sipas tyre duhet t\u00eb vinte me autoambulanc\u00eb.<\/p>\n<p>Pas refuzimit t\u00eb personelit mjek\u00ebsor gruaja \u00ebsht\u00eb d\u00ebrguar te urgjenca e infektivit n\u00eb QSUT.<\/p>\n<p>M\u00ebsohet se pacientja ka patur shqet\u00ebsime q\u00eb prej dat\u00ebs 9 mars.<\/p>","protected":false},"excerpt":{"rendered":"<p>Nj\u00eb tjet\u00ebr rast i dyshuar me koronavirus \u00ebsht\u00eb paraqitur rreth or\u00ebs 14:00 n\u00eb Spitalin Infektiv. Nj\u00eb grua ishte paraqitur n\u00eb nj\u00eb spital privat p\u00ebr t\u00eb marr\u00eb mjekim dhe i \u00ebsht\u00eb rekomanduar q\u00eb t\u00eb shkoj\u00eb n\u00eb Spitalin Infektiv p\u00ebr t\u00eb b\u00ebr\u00eb analizat e Covid-19. 51-vje\u00e7arja nuk pranohet nga Spitali Infektiv sepse sipas tyre duhet t\u00eb vinte [&hellip;]<\/p>\n","protected":false},"author":2013,"featured_media":123753,"comment_status":"open","ping_status":"closed","sticky":false,"template":"","format":"standard","meta":{"footnotes":""},"categories":[241,235],"tags":[],"class_list":{"0":"post-123752","1":"post","2":"type-post","3":"status-publish","4":"format-standard","5":"has-post-thumbnail","7":"category-aktualitet","8":"category-vendi"},"_links":{"self":[{"href":"https:\/\/zjarr.tv\/en\/wp-json\/wp\/v2\/posts\/123752","targetHints":{"allow":["GET"]}}],"collection":[{"href":"https:\/\/zjarr.tv\/en\/wp-json\/wp\/v2\/posts"}],"about":[{"href":"https:\/\/zjarr.tv\/en\/wp-json\/wp\/v2\/types\/post"}],"author":[{"embeddable":true,"href":"https:\/\/zjarr.tv\/en\/wp-json\/wp\/v2\/users\/2013"}],"replies":[{"embeddable":true,"href":"https:\/\/zjarr.tv\/en\/wp-json\/wp\/v2\/comments?post=123752"}],"version-history":[{"count":0,"href":"https:\/\/zjarr.tv\/en\/wp-json\/wp\/v2\/posts\/123752\/revisions"}],"wp:featuredmedia":[{"embeddable":true,"href":"https:\/\/zjarr.tv\/en\/wp-json\/wp\/v2\/media\/123753"}],"wp:attachment":[{"href":"https:\/\/zjarr.tv\/en\/wp-json\/wp\/v2\/media?parent=123752"}],"wp:term":[{"taxonomy":"category","embeddable":true,"href":"https:\/\/zjarr.tv\/en\/wp-json\/wp\/v2\/categories?post=123752"},{"taxonomy":"post_tag","embeddable":true,"href":"https:\/\/zjarr.tv\/en\/wp-json\/wp\/v2\/tags?post=123752"}],"curies":[{"name":"wp","href":"https:\/\/api.w.org\/{rel}","templated":true}]}}