{"id":123755,"date":"2020-03-13T14:50:54","date_gmt":"2020-03-13T13:50:54","guid":{"rendered":"https:\/\/zjarr.tv\/?p=123755"},"modified":"2020-03-13T14:50:54","modified_gmt":"2020-03-13T13:50:54","slug":"zjarr-masiv-ne-ullishte-ne-patos-forcat-zjarrfikese-ne-vendngjarje-rrezikohen-plantacione-te-tera","status":"publish","type":"post","link":"https:\/\/zjarr.tv\/en\/zjarr-masiv-ne-ullishte-ne-patos-forcat-zjarrfikese-ne-vendngjarje-rrezikohen-plantacione-te-tera\/","title":{"rendered":"Zjarr masiv n\u00eb ullishte n\u00eb Patos. Forcat zjarrfik\u00ebse n\u00eb vendngjarje, rrezikohen plantacione t\u00eb t\u00ebra"},"content":{"rendered":"<p>Nj\u00eb zjarr masiv ka r\u00ebn\u00eb n\u00eb ullishtet e oficin\u00ebs s\u00eb vjet\u00ebr n\u00eb Patos. Forcat zjarrfik\u00ebse t\u00eb Patosit jan\u00eb n\u00eb vendngjarje.Shefi i MZSH n\u00eb Patos Alket Halimi shprehet se zjarri \u00ebsht\u00eb n\u00eb p\u00ebrmasa t\u00eb m\u00ebdha. Ai shton se efektiv\u00ebt zjarrfik\u00ebs po b\u00ebjn\u00eb gjithcka q\u00eb t\u00eb vendosin zjarrin n\u00eb kontroll.<\/p>\n<p>Akoma nuk jan\u00eb t\u00eb qarta arsyet p\u00ebrse ka r\u00ebn\u00eb zjarri.<\/p>","protected":false},"excerpt":{"rendered":"<p>Nj\u00eb zjarr masiv ka r\u00ebn\u00eb n\u00eb ullishtet e oficin\u00ebs s\u00eb vjet\u00ebr n\u00eb Patos. Forcat zjarrfik\u00ebse t\u00eb Patosit jan\u00eb n\u00eb vendngjarje.Shefi i MZSH n\u00eb Patos Alket Halimi shprehet se zjarri \u00ebsht\u00eb n\u00eb p\u00ebrmasa t\u00eb m\u00ebdha. Ai shton se efektiv\u00ebt zjarrfik\u00ebs po b\u00ebjn\u00eb gjithcka q\u00eb t\u00eb vendosin zjarrin n\u00eb kontroll. Akoma nuk jan\u00eb t\u00eb qarta arsyet p\u00ebrse [&hellip;]<\/p>\n","protected":false},"author":2013,"featured_media":123756,"comment_status":"open","ping_status":"closed","sticky":false,"template":"","format":"standard","meta":{"footnotes":""},"categories":[241,235],"tags":[],"class_list":{"0":"post-123755","1":"post","2":"type-post","3":"status-publish","4":"format-standard","5":"has-post-thumbnail","7":"category-aktualitet","8":"category-vendi"},"_links":{"self":[{"href":"https:\/\/zjarr.tv\/en\/wp-json\/wp\/v2\/posts\/123755","targetHints":{"allow":["GET"]}}],"collection":[{"href":"https:\/\/zjarr.tv\/en\/wp-json\/wp\/v2\/posts"}],"about":[{"href":"https:\/\/zjarr.tv\/en\/wp-json\/wp\/v2\/types\/post"}],"author":[{"embeddable":true,"href":"https:\/\/zjarr.tv\/en\/wp-json\/wp\/v2\/users\/2013"}],"replies":[{"embeddable":true,"href":"https:\/\/zjarr.tv\/en\/wp-json\/wp\/v2\/comments?post=123755"}],"version-history":[{"count":0,"href":"https:\/\/zjarr.tv\/en\/wp-json\/wp\/v2\/posts\/123755\/revisions"}],"wp:featuredmedia":[{"embeddable":true,"href":"https:\/\/zjarr.tv\/en\/wp-json\/wp\/v2\/media\/123756"}],"wp:attachment":[{"href":"https:\/\/zjarr.tv\/en\/wp-json\/wp\/v2\/media?parent=123755"}],"wp:term":[{"taxonomy":"category","embeddable":true,"href":"https:\/\/zjarr.tv\/en\/wp-json\/wp\/v2\/categories?post=123755"},{"taxonomy":"post_tag","embeddable":true,"href":"https:\/\/zjarr.tv\/en\/wp-json\/wp\/v2\/tags?post=123755"}],"curies":[{"name":"wp","href":"https:\/\/api.w.org\/{rel}","templated":true}]}}