{"id":123767,"date":"2020-03-14T12:19:51","date_gmt":"2020-03-14T11:19:51","guid":{"rendered":"https:\/\/zjarr.tv\/?p=123767"},"modified":"2020-03-14T12:19:51","modified_gmt":"2020-03-14T11:19:51","slug":"masa-te-reja-shtrenguese-nga-neser-mbyllen-lokalet-ne-te-gjithe-shqiperine","status":"publish","type":"post","link":"https:\/\/zjarr.tv\/en\/masa-te-reja-shtrenguese-nga-neser-mbyllen-lokalet-ne-te-gjithe-shqiperine\/","title":{"rendered":"Masa t\u00eb reja shtr\u00ebnguese: Nga nes\u00ebr mbyllen lokalet n\u00eb t\u00eb gjith\u00eb Shqip\u00ebrin\u00eb"},"content":{"rendered":"<p>Forcohen masat shtr\u00ebnguese kund\u00ebr p\u00ebrhapjes s\u00eb koronavirusit. Kryeministri Edi Rama publikoi n\u00eb facebook masat e reja shtr\u00ebnguese.<\/p>\n<p>Nga nes\u00ebr n\u00eb 06.00 t\u00eb m\u00ebngjesit lokalet dhe mjediset e tjera t\u00eb mbyllura fillimisht n\u00eb qarqet Tiran\u00eb\/ Durr\u00ebs\/ dhe sot n\u00eb qarqet Shkod\u00ebr, Lezh\u00eb, Elbasan, Fier dhe Vlor\u00eb, do t\u00eb mbyllen n\u00eb t\u00eb gjith\u00eb Shqip\u00ebrin\u00eb<\/p>\n<p>Gjithashtu paralajm\u00ebrohen drejtuesit e mjeteve se n\u00ebse do t\u00eb l\u00ebvizin pa nj\u00eb arsye pune at\u00ebher\u00eb do t\u00eb d\u00ebnohen deri me heqje t\u00eb patent\u00ebs 3 vjet dhe sekuestrim t\u00eb automjetit<\/p>\n<p>L\u00ebvizjet e paautorizuara me automjet t\u00eb kujtdo q\u00eb nuk ka nj\u00eb arsye pune, sipas kategorive t\u00eb funksioneve shtet\u00ebrore apo sh\u00ebrbimeve private t\u00eb autorizuara, do t\u00eb d\u00ebnohen me heqje t\u00eb patent\u00ebs 3 vjet dhe sekuestrim t\u00eb automjetit!<\/p>\n<p>T\u00eb gjitha kompanit\u00eb duhet t\u00eb sigurojn\u00eb standartet e siguris\u00eb kund\u00ebr p\u00ebrhapjes s\u00eb epidemis\u00eb n\u00eb mjediset e tyre t\u00eb pun\u00ebs. N\u00eb t\u00eb kund\u00ebrt do t\u00eb p\u00ebrballen me sanksione t\u00eb r\u00ebnda<\/p>","protected":false},"excerpt":{"rendered":"<p>Forcohen masat shtr\u00ebnguese kund\u00ebr p\u00ebrhapjes s\u00eb koronavirusit. Kryeministri Edi Rama publikoi n\u00eb facebook masat e reja shtr\u00ebnguese. Nga nes\u00ebr n\u00eb 06.00 t\u00eb m\u00ebngjesit lokalet dhe mjediset e tjera t\u00eb mbyllura fillimisht n\u00eb qarqet Tiran\u00eb\/ Durr\u00ebs\/ dhe sot n\u00eb qarqet Shkod\u00ebr, Lezh\u00eb, Elbasan, Fier dhe Vlor\u00eb, do t\u00eb mbyllen n\u00eb t\u00eb gjith\u00eb Shqip\u00ebrin\u00eb Gjithashtu paralajm\u00ebrohen drejtuesit [&hellip;]<\/p>\n","protected":false},"author":2013,"featured_media":123768,"comment_status":"open","ping_status":"closed","sticky":false,"template":"","format":"standard","meta":{"footnotes":""},"categories":[241,235],"tags":[],"class_list":{"0":"post-123767","1":"post","2":"type-post","3":"status-publish","4":"format-standard","5":"has-post-thumbnail","7":"category-aktualitet","8":"category-vendi"},"_links":{"self":[{"href":"https:\/\/zjarr.tv\/en\/wp-json\/wp\/v2\/posts\/123767","targetHints":{"allow":["GET"]}}],"collection":[{"href":"https:\/\/zjarr.tv\/en\/wp-json\/wp\/v2\/posts"}],"about":[{"href":"https:\/\/zjarr.tv\/en\/wp-json\/wp\/v2\/types\/post"}],"author":[{"embeddable":true,"href":"https:\/\/zjarr.tv\/en\/wp-json\/wp\/v2\/users\/2013"}],"replies":[{"embeddable":true,"href":"https:\/\/zjarr.tv\/en\/wp-json\/wp\/v2\/comments?post=123767"}],"version-history":[{"count":0,"href":"https:\/\/zjarr.tv\/en\/wp-json\/wp\/v2\/posts\/123767\/revisions"}],"wp:featuredmedia":[{"embeddable":true,"href":"https:\/\/zjarr.tv\/en\/wp-json\/wp\/v2\/media\/123768"}],"wp:attachment":[{"href":"https:\/\/zjarr.tv\/en\/wp-json\/wp\/v2\/media?parent=123767"}],"wp:term":[{"taxonomy":"category","embeddable":true,"href":"https:\/\/zjarr.tv\/en\/wp-json\/wp\/v2\/categories?post=123767"},{"taxonomy":"post_tag","embeddable":true,"href":"https:\/\/zjarr.tv\/en\/wp-json\/wp\/v2\/tags?post=123767"}],"curies":[{"name":"wp","href":"https:\/\/api.w.org\/{rel}","templated":true}]}}