{"id":123770,"date":"2020-03-14T12:21:23","date_gmt":"2020-03-14T11:21:23","guid":{"rendered":"https:\/\/zjarr.tv\/?p=123770"},"modified":"2020-03-14T12:21:23","modified_gmt":"2020-03-14T11:21:23","slug":"vetekarantinohet-personeli-mjekesor-qe-i-sherbeu-61-vjecares-ne-fier","status":"publish","type":"post","link":"https:\/\/zjarr.tv\/en\/vetekarantinohet-personeli-mjekesor-qe-i-sherbeu-61-vjecares-ne-fier\/","title":{"rendered":"Vet\u00ebkarantinohet personeli mjek\u00ebsor q\u00eb i sh\u00ebrbeu 61 vje\u00e7ares n\u00eb Fier"},"content":{"rendered":"<p>\u00cbsht\u00eb vet\u00ebkaratinuar personeli mjek\u00ebsor q\u00eb I ka sh\u00ebrbyer 61 vje\u00e7ares q\u00eb ishte shtruar n\u00eb spitalin e Fierit.<\/p>\n<p>E konfirmoi sot Drejtoresha e Institutit t\u00eb Sh\u00ebndetit Publik, Albana Fico duke iu p\u00ebrgjigjur pyetjeve t\u00eb gazetar\u00ebve.<\/p>\n<p>\u201cPersoneli mjek\u00ebsor q\u00eb I ka sh\u00ebrbyer pacientes aq koh\u00eb sa ka qen\u00eb n\u00eb spital \u00ebsht\u00eb vet\u00ebkarantinuar\u201d \u00a0u shpreh zonja Fico.<\/p>\n<p>61 vje\u00e7arja ndodhet n\u00eb terapi intensive n\u00eb spitalin e infektivit n\u00eb Tiran\u00eb, ku ndodhet dhe<em>\u00a0nj\u00eb 66 vje\u00e7ar nga Lushnja.<\/em><\/p>\n<p>Nd\u00ebrkoh\u00eb personeli mjek\u00ebsor q\u00eb I ka sh\u00ebrbyer t\u00eb moshuar\u00ebs n\u00eb qytetin e Durr\u00ebsit I vet\u00ebkarantinuar \u00ebsht\u00eb testuar dhe ka dal\u00eb negativ\u00eb.<\/p>\n<p>Deri tani ka shkuar n\u00eb 38 numri i personave t\u00eb konfirmuar me koronavirus n\u00eb Shqip\u00ebri.<\/p>","protected":false},"excerpt":{"rendered":"<p>\u00cbsht\u00eb vet\u00ebkaratinuar personeli mjek\u00ebsor q\u00eb I ka sh\u00ebrbyer 61 vje\u00e7ares q\u00eb ishte shtruar n\u00eb spitalin e Fierit. E konfirmoi sot Drejtoresha e Institutit t\u00eb Sh\u00ebndetit Publik, Albana Fico duke iu p\u00ebrgjigjur pyetjeve t\u00eb gazetar\u00ebve. \u201cPersoneli mjek\u00ebsor q\u00eb I ka sh\u00ebrbyer pacientes aq koh\u00eb sa ka qen\u00eb n\u00eb spital \u00ebsht\u00eb vet\u00ebkarantinuar\u201d \u00a0u shpreh zonja Fico. 61 [&hellip;]<\/p>\n","protected":false},"author":2013,"featured_media":123771,"comment_status":"open","ping_status":"closed","sticky":false,"template":"","format":"standard","meta":{"footnotes":""},"categories":[241,235],"tags":[],"class_list":{"0":"post-123770","1":"post","2":"type-post","3":"status-publish","4":"format-standard","5":"has-post-thumbnail","7":"category-aktualitet","8":"category-vendi"},"_links":{"self":[{"href":"https:\/\/zjarr.tv\/en\/wp-json\/wp\/v2\/posts\/123770","targetHints":{"allow":["GET"]}}],"collection":[{"href":"https:\/\/zjarr.tv\/en\/wp-json\/wp\/v2\/posts"}],"about":[{"href":"https:\/\/zjarr.tv\/en\/wp-json\/wp\/v2\/types\/post"}],"author":[{"embeddable":true,"href":"https:\/\/zjarr.tv\/en\/wp-json\/wp\/v2\/users\/2013"}],"replies":[{"embeddable":true,"href":"https:\/\/zjarr.tv\/en\/wp-json\/wp\/v2\/comments?post=123770"}],"version-history":[{"count":0,"href":"https:\/\/zjarr.tv\/en\/wp-json\/wp\/v2\/posts\/123770\/revisions"}],"wp:featuredmedia":[{"embeddable":true,"href":"https:\/\/zjarr.tv\/en\/wp-json\/wp\/v2\/media\/123771"}],"wp:attachment":[{"href":"https:\/\/zjarr.tv\/en\/wp-json\/wp\/v2\/media?parent=123770"}],"wp:term":[{"taxonomy":"category","embeddable":true,"href":"https:\/\/zjarr.tv\/en\/wp-json\/wp\/v2\/categories?post=123770"},{"taxonomy":"post_tag","embeddable":true,"href":"https:\/\/zjarr.tv\/en\/wp-json\/wp\/v2\/tags?post=123770"}],"curies":[{"name":"wp","href":"https:\/\/api.w.org\/{rel}","templated":true}]}}