{"id":123774,"date":"2020-03-14T12:22:36","date_gmt":"2020-03-14T11:22:36","guid":{"rendered":"https:\/\/zjarr.tv\/?p=123774"},"modified":"2020-03-14T12:22:36","modified_gmt":"2020-03-14T11:22:36","slug":"shkon-ne-38-numri-i-personave-me-covid-19-ne-shqiperi-dy-ne-terapi-intensive","status":"publish","type":"post","link":"https:\/\/zjarr.tv\/en\/shkon-ne-38-numri-i-personave-me-covid-19-ne-shqiperi-dy-ne-terapi-intensive\/","title":{"rendered":"Shkon n\u00eb 38 numri i personave me Covid-19 n\u00eb Shqip\u00ebri, dy n\u00eb terapi intensive"},"content":{"rendered":"<p><strong>Rastet:<\/strong>\u00a0Shkon n\u00eb 38 numri i personave t\u00eb konfirmuar me koronavirus n\u00eb Shqip\u00ebri. T\u00eb pakt\u00ebn pes\u00eb raste t\u00eb reja jan\u00eb konfirmuar pozitive me Covid-19 n\u00eb 24 or\u00ebt e fundit n\u00eb vendin ton\u00eb, raportoi Drejtoresha e ISHP, Albana Fico, pasi tha se jan\u00eb testuar 505 raste t\u00eb dyshuara.<\/p>\n<p><strong>ISHP:<\/strong><em>\u00a0Deri n\u00eb k\u00ebto momente jan\u00eb testuar 505 raste t\u00eb dyshuara dhe prej tyre jan\u00eb t\u00eb konfirmuar pozitiv\u00eb me COVID-19, 38 raste:\u00a0<\/em><\/p>\n<p><em>Nga rastet e konfirmuara pozitiv\u00eb:<\/em><\/p>\n<p><em>Tiran\u00eb 22 raste<\/em><\/p>\n<p><em>Durr\u00ebs 5 raste (nj\u00ebri prej t\u00eb cil\u00ebve ka nd\u00ebrruar jet\u00eb)<\/em><\/p>\n<p><em>Lushnje 2 rast<\/em><\/p>\n<p><em>Elbasan 2 raste<\/em><\/p>\n<p><em>Fier 5 raste<\/em><\/p>\n<p><em>Rrogozhin\u00eb 2 raste<\/em><\/p>\n<p><strong>Gjendja sh\u00ebndet\u00ebsore:<\/strong>\u00a0Tirana mbetet me numrin m\u00eb t\u00eb madh t\u00eb personave t\u00eb infketuar, nd\u00ebrsa Ministria e Sh\u00ebndet\u00ebsis\u00eb thot\u00eb se 12 persona ndodhen t\u00eb shtruar te Spitali Infektiv, nd\u00ebrsa dy jan\u00eb n\u00eb terapi intensive.<\/p>\n<p><strong>ISHP:<\/strong>\u00a0<em>12 jane t\u00eb shtruar n\u00eb spitalin Infektiv (nga Tirana, Durr\u00ebsi, Fieri, Lushja dhe Rrogozhina). Dy prej tyre jan\u00eb n\u00eb terapi intensive, nj\u00eb 66 vje\u00e7ar nga Lushnja dhe nj\u00eb 61-vjecare nga Fieri. Nd\u00ebrsa pjesa tjet\u00ebr e t\u00eb shtruarve n\u00eb pavion jan\u00eb n\u00eb gjendje t\u00eb stabilizuar deri n\u00eb k\u00ebto momente. Dua t`ju b\u00ebj thirrje edhe nj\u00eb her\u00eb t\u00eb gjith\u00eb qytetar\u00ebve, t\u00eb respektojn\u00eb rregullat e reja dhe t\u00eb q\u00ebndrojn\u00eb n\u00eb sht\u00ebpi. T\u00eb kufizojm\u00eb rrezikun sa m\u00eb shum\u00eb t\u00eb jet\u00eb e mundur!<\/em><\/p>","protected":false},"excerpt":{"rendered":"<p>Rastet:\u00a0Shkon n\u00eb 38 numri i personave t\u00eb konfirmuar me koronavirus n\u00eb Shqip\u00ebri. T\u00eb pakt\u00ebn pes\u00eb raste t\u00eb reja jan\u00eb konfirmuar pozitive me Covid-19 n\u00eb 24 or\u00ebt e fundit n\u00eb vendin ton\u00eb, raportoi Drejtoresha e ISHP, Albana Fico, pasi tha se jan\u00eb testuar 505 raste t\u00eb dyshuara. ISHP:\u00a0Deri n\u00eb k\u00ebto momente jan\u00eb testuar 505 raste t\u00eb [&hellip;]<\/p>\n","protected":false},"author":2013,"featured_media":123753,"comment_status":"open","ping_status":"closed","sticky":false,"template":"","format":"standard","meta":{"footnotes":""},"categories":[241,235],"tags":[],"class_list":{"0":"post-123774","1":"post","2":"type-post","3":"status-publish","4":"format-standard","5":"has-post-thumbnail","7":"category-aktualitet","8":"category-vendi"},"_links":{"self":[{"href":"https:\/\/zjarr.tv\/en\/wp-json\/wp\/v2\/posts\/123774","targetHints":{"allow":["GET"]}}],"collection":[{"href":"https:\/\/zjarr.tv\/en\/wp-json\/wp\/v2\/posts"}],"about":[{"href":"https:\/\/zjarr.tv\/en\/wp-json\/wp\/v2\/types\/post"}],"author":[{"embeddable":true,"href":"https:\/\/zjarr.tv\/en\/wp-json\/wp\/v2\/users\/2013"}],"replies":[{"embeddable":true,"href":"https:\/\/zjarr.tv\/en\/wp-json\/wp\/v2\/comments?post=123774"}],"version-history":[{"count":0,"href":"https:\/\/zjarr.tv\/en\/wp-json\/wp\/v2\/posts\/123774\/revisions"}],"wp:featuredmedia":[{"embeddable":true,"href":"https:\/\/zjarr.tv\/en\/wp-json\/wp\/v2\/media\/123753"}],"wp:attachment":[{"href":"https:\/\/zjarr.tv\/en\/wp-json\/wp\/v2\/media?parent=123774"}],"wp:term":[{"taxonomy":"category","embeddable":true,"href":"https:\/\/zjarr.tv\/en\/wp-json\/wp\/v2\/categories?post=123774"},{"taxonomy":"post_tag","embeddable":true,"href":"https:\/\/zjarr.tv\/en\/wp-json\/wp\/v2\/tags?post=123774"}],"curies":[{"name":"wp","href":"https:\/\/api.w.org\/{rel}","templated":true}]}}