{"id":123777,"date":"2020-03-14T14:13:31","date_gmt":"2020-03-14T13:13:31","guid":{"rendered":"https:\/\/zjarr.tv\/?p=123777"},"modified":"2020-03-14T14:13:31","modified_gmt":"2020-03-14T13:13:31","slug":"rama-sdua-tju-fus-friken-por-keto-dy-jave-do-kemi-ende-me-shume-me-koronavirus","status":"publish","type":"post","link":"https:\/\/zjarr.tv\/en\/rama-sdua-tju-fus-friken-por-keto-dy-jave-do-kemi-ende-me-shume-me-koronavirus\/","title":{"rendered":"Rama: S&#8217;dua tju fus frik\u00ebn por k\u00ebto dy jav\u00eb do kemi ende m\u00eb shum\u00eb me koronavirus"},"content":{"rendered":"<p>Kryeministri Edi Rama paralajm\u00ebron se numri i rasteve t\u00eb infektuar me koronavirus do t\u00eb rritet jav\u00ebn q\u00eb vjen edhe m\u00eb shum\u00eb jav\u00ebn tjet\u00ebr.<\/p>\n<p>Prandaj masat shtr\u00ebnguese t\u00eb k\u00ebtyre jav\u00ebve<em>\u00a0\u201cdo na ndihmoj\u00eb shum\u00eb q\u00eb rritja e k\u00ebtyre jav\u00ebve kritike do t\u00eb jet\u00eb shum\u00eb m\u00eb e ul\u00ebt se n\u00eb jav\u00ebt normale\u201d<\/em><\/p>\n<p><em>\u00a0\u201cT\u00eb jemi t\u00eb qart\u00eb. M\u00eb e keqja nuk ka ardhur akoma. Nuk dua tju fus frik\u00ebn apo tju shqet\u00ebsoj por kam detyr\u00eb tju informoj. N\u00eb jav\u00ebn e ardhshme do t\u00eb kemi m\u00eb shum\u00eb t\u00eb infektuar dhe n\u00eb jav\u00eb tjet\u00ebr ende m\u00eb shum\u00eb. Asnj\u00eb panik sepse k\u00ebsaj nuk i shmanget askush \u00ebsht\u00eb kurba e p\u00ebrhapjes. \u00a0Vet\u00ebm n\u00eb jav\u00ebn e tret\u00eb, n\u00eb kap\u00ebrcyelles mes marsit e prillit do t\u00eb kemi mund\u00ebsi t\u00eb shohim ku kemi arritur ne dhe ku armiku&#8221;\u00a0<\/em><\/p>","protected":false},"excerpt":{"rendered":"<p>Kryeministri Edi Rama paralajm\u00ebron se numri i rasteve t\u00eb infektuar me koronavirus do t\u00eb rritet jav\u00ebn q\u00eb vjen edhe m\u00eb shum\u00eb jav\u00ebn tjet\u00ebr. Prandaj masat shtr\u00ebnguese t\u00eb k\u00ebtyre jav\u00ebve\u00a0\u201cdo na ndihmoj\u00eb shum\u00eb q\u00eb rritja e k\u00ebtyre jav\u00ebve kritike do t\u00eb jet\u00eb shum\u00eb m\u00eb e ul\u00ebt se n\u00eb jav\u00ebt normale\u201d \u00a0\u201cT\u00eb jemi t\u00eb qart\u00eb. M\u00eb e [&hellip;]<\/p>\n","protected":false},"author":2013,"featured_media":115761,"comment_status":"open","ping_status":"closed","sticky":false,"template":"","format":"standard","meta":{"footnotes":""},"categories":[241,235],"tags":[],"class_list":{"0":"post-123777","1":"post","2":"type-post","3":"status-publish","4":"format-standard","5":"has-post-thumbnail","7":"category-aktualitet","8":"category-vendi"},"_links":{"self":[{"href":"https:\/\/zjarr.tv\/en\/wp-json\/wp\/v2\/posts\/123777","targetHints":{"allow":["GET"]}}],"collection":[{"href":"https:\/\/zjarr.tv\/en\/wp-json\/wp\/v2\/posts"}],"about":[{"href":"https:\/\/zjarr.tv\/en\/wp-json\/wp\/v2\/types\/post"}],"author":[{"embeddable":true,"href":"https:\/\/zjarr.tv\/en\/wp-json\/wp\/v2\/users\/2013"}],"replies":[{"embeddable":true,"href":"https:\/\/zjarr.tv\/en\/wp-json\/wp\/v2\/comments?post=123777"}],"version-history":[{"count":0,"href":"https:\/\/zjarr.tv\/en\/wp-json\/wp\/v2\/posts\/123777\/revisions"}],"wp:featuredmedia":[{"embeddable":true,"href":"https:\/\/zjarr.tv\/en\/wp-json\/wp\/v2\/media\/115761"}],"wp:attachment":[{"href":"https:\/\/zjarr.tv\/en\/wp-json\/wp\/v2\/media?parent=123777"}],"wp:term":[{"taxonomy":"category","embeddable":true,"href":"https:\/\/zjarr.tv\/en\/wp-json\/wp\/v2\/categories?post=123777"},{"taxonomy":"post_tag","embeddable":true,"href":"https:\/\/zjarr.tv\/en\/wp-json\/wp\/v2\/tags?post=123777"}],"curies":[{"name":"wp","href":"https:\/\/api.w.org\/{rel}","templated":true}]}}