{"id":123779,"date":"2020-03-14T14:14:36","date_gmt":"2020-03-14T13:14:36","guid":{"rendered":"https:\/\/zjarr.tv\/?p=123779"},"modified":"2020-03-14T14:14:36","modified_gmt":"2020-03-14T13:14:36","slug":"berisha-krah-bashkeshortes-uron-diten-e-veres-vitin-tjeter-ta-festojme-pa-koronavirus-dhe-kete-qeveri","status":"publish","type":"post","link":"https:\/\/zjarr.tv\/en\/berisha-krah-bashkeshortes-uron-diten-e-veres-vitin-tjeter-ta-festojme-pa-koronavirus-dhe-kete-qeveri\/","title":{"rendered":"Berisha krah bashk\u00ebshortes uron Dit\u00ebn e Ver\u00ebs: Vitin tjet\u00ebr ta festojm\u00eb pa koronavirus dhe k\u00ebt\u00eb qeveri"},"content":{"rendered":"<p>Ish- kryeministr i Shqip\u00ebris\u00eb Sali Berisha ka uruar shqiptar\u00ebve fest\u00ebn e Dit\u00ebs s\u00eb Ver\u00ebs.<\/p>\n<p>Ai uron q\u00eb vitin tjet\u00ebr shqiptar\u00ebt ta festojn \u00eb 14 marsin pa koronavirus dhe \u201cnarkoqeverin\u00eb\u201d.<\/p>\n<p>&nbsp;<\/p>\n<p>STATUSI I BERISHES<\/p>\n<div id=\"pa_1x1_psbk_1584191655174\"><\/div>\n<p>Gezuar diten e veres!<\/p>\n<p>Miq, nga zemra urojme gezuar qytetaret e Elbasanit dhe mbare Shqiperise gezuar kete dite dhe diten e veres tjeter ta kremtojme si\u00e7 na don zemra, pa keto dy keqija qe kane plakosur vendin; koronavirusin dhe narkoqeverine!<\/p>\n<p>Gezuar! sb<\/p>\n<figure id=\"attachment_1254804\" class=\"wp-caption alignnone\"><a href=\"https:\/\/www.balkanweb.com\/wp-content\/uploads\/2020\/03\/inbound2136475012-467x350.jpg\" rel=\"lightbox\"><img loading=\"lazy\" decoding=\"async\" class=\"size-large wp-image-1254804\" src=\"https:\/\/www.balkanweb.com\/wp-content\/uploads\/2020\/03\/inbound2136475012-467x350.jpg\" sizes=\"auto, (max-width: 467px) 100vw, 467px\" srcset=\"https:\/\/www.balkanweb.com\/wp-content\/uploads\/2020\/03\/inbound2136475012-467x350.jpg 467w, https:\/\/www.balkanweb.com\/wp-content\/uploads\/2020\/03\/inbound2136475012-373x280.jpg 373w, https:\/\/www.balkanweb.com\/wp-content\/uploads\/2020\/03\/inbound2136475012-351x263.jpg 351w, https:\/\/www.balkanweb.com\/wp-content\/uploads\/2020\/03\/inbound2136475012-107x80.jpg 107w, https:\/\/www.balkanweb.com\/wp-content\/uploads\/2020\/03\/inbound2136475012-600x450.jpg 600w, https:\/\/www.balkanweb.com\/wp-content\/uploads\/2020\/03\/inbound2136475012.jpg 720w\" alt=\"Inbound2136475012\" width=\"467\" height=\"350\" \/><\/a><\/figure>","protected":false},"excerpt":{"rendered":"<p>Ish- kryeministr i Shqip\u00ebris\u00eb Sali Berisha ka uruar shqiptar\u00ebve fest\u00ebn e Dit\u00ebs s\u00eb Ver\u00ebs. Ai uron q\u00eb vitin tjet\u00ebr shqiptar\u00ebt ta festojn \u00eb 14 marsin pa koronavirus dhe \u201cnarkoqeverin\u00eb\u201d. &nbsp; STATUSI I BERISHES Gezuar diten e veres! Miq, nga zemra urojme gezuar qytetaret e Elbasanit dhe mbare Shqiperise gezuar kete dite dhe diten e veres [&hellip;]<\/p>\n","protected":false},"author":2013,"featured_media":123780,"comment_status":"open","ping_status":"closed","sticky":false,"template":"","format":"standard","meta":{"footnotes":""},"categories":[241,235],"tags":[],"class_list":{"0":"post-123779","1":"post","2":"type-post","3":"status-publish","4":"format-standard","5":"has-post-thumbnail","7":"category-aktualitet","8":"category-vendi"},"_links":{"self":[{"href":"https:\/\/zjarr.tv\/en\/wp-json\/wp\/v2\/posts\/123779","targetHints":{"allow":["GET"]}}],"collection":[{"href":"https:\/\/zjarr.tv\/en\/wp-json\/wp\/v2\/posts"}],"about":[{"href":"https:\/\/zjarr.tv\/en\/wp-json\/wp\/v2\/types\/post"}],"author":[{"embeddable":true,"href":"https:\/\/zjarr.tv\/en\/wp-json\/wp\/v2\/users\/2013"}],"replies":[{"embeddable":true,"href":"https:\/\/zjarr.tv\/en\/wp-json\/wp\/v2\/comments?post=123779"}],"version-history":[{"count":0,"href":"https:\/\/zjarr.tv\/en\/wp-json\/wp\/v2\/posts\/123779\/revisions"}],"wp:featuredmedia":[{"embeddable":true,"href":"https:\/\/zjarr.tv\/en\/wp-json\/wp\/v2\/media\/123780"}],"wp:attachment":[{"href":"https:\/\/zjarr.tv\/en\/wp-json\/wp\/v2\/media?parent=123779"}],"wp:term":[{"taxonomy":"category","embeddable":true,"href":"https:\/\/zjarr.tv\/en\/wp-json\/wp\/v2\/categories?post=123779"},{"taxonomy":"post_tag","embeddable":true,"href":"https:\/\/zjarr.tv\/en\/wp-json\/wp\/v2\/tags?post=123779"}],"curies":[{"name":"wp","href":"https:\/\/api.w.org\/{rel}","templated":true}]}}