{"id":123786,"date":"2020-03-14T14:33:14","date_gmt":"2020-03-14T13:33:14","guid":{"rendered":"https:\/\/zjarr.tv\/?p=123786"},"modified":"2020-03-14T14:33:14","modified_gmt":"2020-03-14T13:33:14","slug":"te-gjithe-bashke-do-ia-dalim-basha-uron-diten-e-veres-dhe-inkurajon-shqiptaret","status":"publish","type":"post","link":"https:\/\/zjarr.tv\/en\/te-gjithe-bashke-do-ia-dalim-basha-uron-diten-e-veres-dhe-inkurajon-shqiptaret\/","title":{"rendered":"\u201cT\u00eb gjith\u00eb bashk\u00eb do ia dalim\u201d, Basha uron Dit\u00ebn e Ver\u00ebs dhe inkurajon shqiptar\u00ebt"},"content":{"rendered":"<p>Kryedemokrati Lulzim Basha ka inkurajuar shqiptar\u00ebt n\u00eb k\u00ebt\u00eb situat\u00eb t\u00eb pazakont\u00eb teksa p\u00ebrballen me koronavirusin me nj\u00eb mesazh n\u00eb \u201cFacebook\u201d, ku iu uron Dit\u00ebn e Ver\u00ebs. Do ia dalim bashk\u00eb si nj\u00eb familje e madhe, \u00ebsht\u00eb thirrja e Bash\u00ebs p\u00ebr t\u00eb gjith\u00eb.<\/p>\n<div id=\"pa_1x1_psbk_1584192760888\"><\/div>\n<p>\u201cT\u00eb gjith\u00eb bashk\u00eb si nj\u00eb familje e madhe do t\u2019ja dalim! G\u00ebzuar Dit\u00ebn e Ver\u00ebs!\u2600\ufe0f\u201d, shkruan Basha.<\/p>\n<figure id=\"attachment_1254863\" class=\"wp-caption alignnone\"><a href=\"https:\/\/www.balkanweb.com\/wp-content\/uploads\/2020\/03\/Basha-fb-1.png\" rel=\"lightbox\"><img loading=\"lazy\" decoding=\"async\" class=\"wp-image-1254863 size-full\" src=\"https:\/\/www.balkanweb.com\/wp-content\/uploads\/2020\/03\/Basha-fb-1.png\" sizes=\"auto, (max-width: 444px) 100vw, 444px\" srcset=\"https:\/\/www.balkanweb.com\/wp-content\/uploads\/2020\/03\/Basha-fb-1.png 444w, https:\/\/www.balkanweb.com\/wp-content\/uploads\/2020\/03\/Basha-fb-1-293x280.png 293w, https:\/\/www.balkanweb.com\/wp-content\/uploads\/2020\/03\/Basha-fb-1-367x350.png 367w, https:\/\/www.balkanweb.com\/wp-content\/uploads\/2020\/03\/Basha-fb-1-275x263.png 275w, https:\/\/www.balkanweb.com\/wp-content\/uploads\/2020\/03\/Basha-fb-1-84x80.png 84w\" alt=\"Basha Fb\" width=\"444\" height=\"424\" \/><\/a><\/figure>","protected":false},"excerpt":{"rendered":"<p>Kryedemokrati Lulzim Basha ka inkurajuar shqiptar\u00ebt n\u00eb k\u00ebt\u00eb situat\u00eb t\u00eb pazakont\u00eb teksa p\u00ebrballen me koronavirusin me nj\u00eb mesazh n\u00eb \u201cFacebook\u201d, ku iu uron Dit\u00ebn e Ver\u00ebs. Do ia dalim bashk\u00eb si nj\u00eb familje e madhe, \u00ebsht\u00eb thirrja e Bash\u00ebs p\u00ebr t\u00eb gjith\u00eb. \u201cT\u00eb gjith\u00eb bashk\u00eb si nj\u00eb familje e madhe do t\u2019ja dalim! G\u00ebzuar Dit\u00ebn [&hellip;]<\/p>\n","protected":false},"author":2013,"featured_media":112899,"comment_status":"open","ping_status":"closed","sticky":false,"template":"","format":"standard","meta":{"footnotes":""},"categories":[241,235],"tags":[],"class_list":{"0":"post-123786","1":"post","2":"type-post","3":"status-publish","4":"format-standard","5":"has-post-thumbnail","7":"category-aktualitet","8":"category-vendi"},"_links":{"self":[{"href":"https:\/\/zjarr.tv\/en\/wp-json\/wp\/v2\/posts\/123786","targetHints":{"allow":["GET"]}}],"collection":[{"href":"https:\/\/zjarr.tv\/en\/wp-json\/wp\/v2\/posts"}],"about":[{"href":"https:\/\/zjarr.tv\/en\/wp-json\/wp\/v2\/types\/post"}],"author":[{"embeddable":true,"href":"https:\/\/zjarr.tv\/en\/wp-json\/wp\/v2\/users\/2013"}],"replies":[{"embeddable":true,"href":"https:\/\/zjarr.tv\/en\/wp-json\/wp\/v2\/comments?post=123786"}],"version-history":[{"count":0,"href":"https:\/\/zjarr.tv\/en\/wp-json\/wp\/v2\/posts\/123786\/revisions"}],"wp:featuredmedia":[{"embeddable":true,"href":"https:\/\/zjarr.tv\/en\/wp-json\/wp\/v2\/media\/112899"}],"wp:attachment":[{"href":"https:\/\/zjarr.tv\/en\/wp-json\/wp\/v2\/media?parent=123786"}],"wp:term":[{"taxonomy":"category","embeddable":true,"href":"https:\/\/zjarr.tv\/en\/wp-json\/wp\/v2\/categories?post=123786"},{"taxonomy":"post_tag","embeddable":true,"href":"https:\/\/zjarr.tv\/en\/wp-json\/wp\/v2\/tags?post=123786"}],"curies":[{"name":"wp","href":"https:\/\/api.w.org\/{rel}","templated":true}]}}