{"id":123789,"date":"2020-03-14T14:34:43","date_gmt":"2020-03-14T13:34:43","guid":{"rendered":"https:\/\/zjarr.tv\/?p=123789"},"modified":"2020-03-14T14:34:43","modified_gmt":"2020-03-14T13:34:43","slug":"fmn-covid-19-ne-shqiperi-do-te-ngadalesoje-ecurine-e-ekonomise","status":"publish","type":"post","link":"https:\/\/zjarr.tv\/en\/fmn-covid-19-ne-shqiperi-do-te-ngadalesoje-ecurine-e-ekonomise\/","title":{"rendered":"FMN: COVID-19 n\u00eb Shqip\u00ebri do t\u00eb ngadal\u00ebsoj\u00eb ecurin\u00eb e ekonomis\u00eb"},"content":{"rendered":"<p>Teksa n\u00eb Shqip\u00ebri rastet po shtohen nga t\u00eb prekurit me COVID-19, nj\u00eb ekip I fondit monetar\u00eb nd\u00ebrkomb\u00ebtar ka diskutuar n\u00eb distanc\u00eb me autoritet e vendit ton\u00eb. N\u00eb p\u00ebrfundim t\u00eb k\u00ebtij misioni nga datat 9 deri n\u00eb 13 Mars FMN ka publikuar deklarat\u00ebn n\u00eb t\u00eb cil\u00ebn thot\u00eb se ekonomia e vendit do t\u00eb ngadal\u00ebsohet ndjesh\u00ebm si pasoj\u00eb e COVID-19. Sipas Fondit Monetar\u00eb Nd\u00ebrkomb\u00ebtar \u00ebsht\u00eb her\u00ebt p\u00ebr t\u00eb pasur vler\u00ebsime n\u00eb shifra sesa do t\u00eb jet\u00eb shkalla e ngadal\u00ebsimit<\/p>\n<p>\u201cPerspektiva afatshkurt\u00ebr p\u00ebr ekonomin\u00eb shqiptare ka ndryshuar n\u00eb tre muajt e fundit. P\u00ebr m\u00eb tep\u00ebr, shp\u00ebrthimi i fundit global i koronavirusit (COVID-19) pritet t\u00eb ngadal\u00ebsoj\u00eb rritjen ekonomike m\u00eb tej n\u00eb vitin 2020.Shkalla e ngadal\u00ebsimit \u00ebsht\u00eb tejet e paqart\u00eb n\u00eb k\u00ebt\u00eb moment,do t\u00eb jen\u00eb t\u00eb nevojshme politika p\u00ebr t\u00eb mbrojtur njer\u00ebzit gjat\u00eb shp\u00ebrthimit t\u00eb COVID-19 duke siguruar q\u00eb sektori sh\u00ebndet\u00ebsor t\u00eb ket\u00eb burime t\u00eb mjaftueshme dhe duke mb\u00ebshtetur m\u00eb t\u00eb prekurit\u201d<\/p>\n<div id=\"pa_1x1_psbk_1584192866398\"><\/div>\n<p>COVID-19 q\u00eb ka prekur vendin \u00ebsht\u00eb goditja e dyt\u00eb q\u00eb ekonomia shqiptare ka marr pas t\u00ebrmetiti t\u00eb 26 N\u00ebntorit. Fondi Monetar\u00eb Nd\u00ebrkomb\u00ebtar\u00eb thot\u00eb se \u00ebsht\u00eb e r\u00ebnd\u00ebsishme q\u00eb projektet e rind\u00ebrtimit t\u00eb qeverisen n\u00eb m\u00ebnyr\u00eb sa m\u00eb transparte.<\/p>\n<p>\u201cDo t\u00eb jet\u00eb e r\u00ebnd\u00ebsishme t\u00eb sigurohet q\u00eb projektet e rind\u00ebrtimit t\u00eb administrohen n\u00eb m\u00ebnyr\u00eb transparente, n\u00eb p\u00ebrputhje me praktikat m\u00eb t\u00eb mira nd\u00ebrkomb\u00ebtare, dhe t\u00eb ken\u00eb p\u00ebrpar\u00ebsi m\u00eb t\u00eb rrezikuarit\u201d.<\/p>\n<p>Fondi Monetar Nd\u00ebrkomb\u00ebtar k\u00ebrkon t\u00eb b\u00ebhet kujdes me amnistin\u00eb fiskale.FMN thot\u00eb se programe t\u00eb tilla krijojn\u00eb favore fiskale p\u00ebr p\u00ebrfituesit kundrejt atyre q\u00eb kan\u00eb paguar taksat rregullisht. P\u00ebr m\u00eb tep\u00ebr fillimisht duhet t\u00eb krijohen sisteme efektive p\u00ebr t\u00eb zbuluar evazionin dhe p\u00ebr t\u00eb parandaluar mund\u00ebsit\u00eb p\u00ebr pastrim parash dhe korrupsion.<\/p>","protected":false},"excerpt":{"rendered":"<p>Teksa n\u00eb Shqip\u00ebri rastet po shtohen nga t\u00eb prekurit me COVID-19, nj\u00eb ekip I fondit monetar\u00eb nd\u00ebrkomb\u00ebtar ka diskutuar n\u00eb distanc\u00eb me autoritet e vendit ton\u00eb. N\u00eb p\u00ebrfundim t\u00eb k\u00ebtij misioni nga datat 9 deri n\u00eb 13 Mars FMN ka publikuar deklarat\u00ebn n\u00eb t\u00eb cil\u00ebn thot\u00eb se ekonomia e vendit do t\u00eb ngadal\u00ebsohet ndjesh\u00ebm si [&hellip;]<\/p>\n","protected":false},"author":2013,"featured_media":123790,"comment_status":"open","ping_status":"closed","sticky":false,"template":"","format":"standard","meta":{"footnotes":""},"categories":[241,235],"tags":[],"class_list":{"0":"post-123789","1":"post","2":"type-post","3":"status-publish","4":"format-standard","5":"has-post-thumbnail","7":"category-aktualitet","8":"category-vendi"},"_links":{"self":[{"href":"https:\/\/zjarr.tv\/en\/wp-json\/wp\/v2\/posts\/123789","targetHints":{"allow":["GET"]}}],"collection":[{"href":"https:\/\/zjarr.tv\/en\/wp-json\/wp\/v2\/posts"}],"about":[{"href":"https:\/\/zjarr.tv\/en\/wp-json\/wp\/v2\/types\/post"}],"author":[{"embeddable":true,"href":"https:\/\/zjarr.tv\/en\/wp-json\/wp\/v2\/users\/2013"}],"replies":[{"embeddable":true,"href":"https:\/\/zjarr.tv\/en\/wp-json\/wp\/v2\/comments?post=123789"}],"version-history":[{"count":0,"href":"https:\/\/zjarr.tv\/en\/wp-json\/wp\/v2\/posts\/123789\/revisions"}],"wp:featuredmedia":[{"embeddable":true,"href":"https:\/\/zjarr.tv\/en\/wp-json\/wp\/v2\/media\/123790"}],"wp:attachment":[{"href":"https:\/\/zjarr.tv\/en\/wp-json\/wp\/v2\/media?parent=123789"}],"wp:term":[{"taxonomy":"category","embeddable":true,"href":"https:\/\/zjarr.tv\/en\/wp-json\/wp\/v2\/categories?post=123789"},{"taxonomy":"post_tag","embeddable":true,"href":"https:\/\/zjarr.tv\/en\/wp-json\/wp\/v2\/tags?post=123789"}],"curies":[{"name":"wp","href":"https:\/\/api.w.org\/{rel}","templated":true}]}}