{"id":123793,"date":"2020-03-14T14:35:56","date_gmt":"2020-03-14T13:35:56","guid":{"rendered":"https:\/\/zjarr.tv\/?p=123793"},"modified":"2020-03-14T14:35:56","modified_gmt":"2020-03-14T13:35:56","slug":"shahini-mesimi-ne-rtsh-edhe-pas-23-marsit-1-ore-shtese-per-maturantet","status":"publish","type":"post","link":"https:\/\/zjarr.tv\/en\/shahini-mesimi-ne-rtsh-edhe-pas-23-marsit-1-ore-shtese-per-maturantet\/","title":{"rendered":"Shahini: M\u00ebsimi n\u00eb RTSH edhe pas 23 marsit, 1 or\u00eb shtes\u00eb p\u00ebr maturant\u00ebt"},"content":{"rendered":"<p>Ministrja e Arsimit Besa Shahini n\u00eb nj\u00eb mesazh drejtuar publikut ka b\u00ebr\u00eb me dije se nuk\u00a0 \u00ebsht\u00eb marr\u00eb asnj\u00eb vendim p\u00ebr shtyrjen e provimeve t\u00eb matur\u00ebs pasi nuk ka arsye.<\/p>\n<p>M\u00ebsimi n\u00eb RTSH do t\u00eb vijoj\u00eb edhe pas 23 marsit thot\u00eb shahini teksa thekson se ka k\u00ebrkuar 1 or\u00eb shtes\u00eb p\u00ebr maturant\u00ebt.<\/p>\n<p>NJOFTIM P\u00cbR MEDIA<br \/>\nMinistrja Shahini vijon komunikimin me video-mesazh n\u00eb rrjete sociale, adreson pyetjet e ngritura<br \/>\nShahini p\u00ebr testimin e matur\u00ebs: \u201cP\u00ebr momentin, nuk kemi asnj\u00eb arsye t\u00eb mendojm\u00eb pse duhet t\u00eb shtyhet\u201d<\/p>\n<p>###<\/p>\n<p>Sikurse e ka paralajm\u00ebruar, Ministrja Besa Shahini vazhdon tradit\u00ebn e saj t\u00eb komunikimit n\u00ebp\u00ebrmjet video-mesazheve n\u00eb rrjete sociale ku adreson n\u00eb m\u00ebnyr\u00eb t\u00eb vazhdueshme pyetje q\u00eb vijn\u00eb nga vet\u00eb nx\u00ebn\u00ebsit apo prind\u00ebrit e interesuar.<\/p>\n<p>Pyetjes \u201cA do t\u00eb vazhdoj\u00eb nisma e leksioneve m\u00ebsimore n\u00eb RTSH edhe p\u00ebrtej dat\u00ebs 23 mars?\u201d, Ministrja Shahini u shpreh se:<br \/>\n\u201cPatjet\u00ebr. Jemi n\u00eb diskutim me RTSH p\u00ebr m\u00ebnyr\u00ebn m\u00eb t\u00eb mir\u00eb p\u00ebr t\u00eb vazhduar p\u00ebrtej dat\u00ebs 23 mars. me dije se deri tani nuk ka asnjw vendim pwr shtyrjen e provimeve tw maturws pwr shkak se s\u2019ka arsye.<\/p>\n<p>Po ashtu ajo thekson se mwsimi nw RTSH do tw vijojw edhe pas 23 marsit ku Ministria ka kwrkuar mw shumw programe pwr nxwnwsit si dhe 1 orw shtesw 13:30- 14:30 pwr maturantwt.<\/p>\n<div id=\"pa_1x1_psbk_1584192937810\"><\/div>\n<p>NJOFTIM P\u00cbR MEDIA<br \/>\nMinistrja Shahini vijon komunikimin me video-mesazh n\u00eb rrjete sociale, adreson pyetjet e ngritura<br \/>\nShahini p\u00ebr testimin e matur\u00ebs: \u201cP\u00ebr momentin, nuk kemi asnj\u00eb arsye t\u00eb mendojm\u00eb pse duhet t\u00eb shtyhet\u201d<\/p>\n<p>###<\/p>\n<p>Sikurse e ka paralajm\u00ebruar, Ministrja Besa Shahini vazhdon tradit\u00ebn e saj t\u00eb komunikimit n\u00ebp\u00ebrmjet video-mesazheve n\u00eb rrjete sociale ku adreson n\u00eb m\u00ebnyr\u00eb t\u00eb vazhdueshme pyetje q\u00eb vijn\u00eb nga vet\u00eb nx\u00ebn\u00ebsit apo prind\u00ebrit e interesuar.<\/p>\n<p>Pyetjes \u201cA do t\u00eb vazhdoj\u00eb nisma e leksioneve m\u00ebsimore n\u00eb RTSH edhe p\u00ebrtej dat\u00ebs 23 mars?\u201d, Ministrja Shahini u shpreh se:<br \/>\n\u201cPatjet\u00ebr. Jemi n\u00eb diskutim me RTSH p\u00ebr m\u00ebnyr\u00ebn m\u00eb t\u00eb mir\u00eb p\u00ebr t\u00eb vazhduar p\u00ebrtej dat\u00ebs 23 mars. Pra, p\u00ebrtej k\u00ebtyre 2 orareve q\u00eb na i ka dh\u00ebn\u00eb RTSH n\u00eb dispozicion p\u00ebr t\u00eb transmetuar leksione dhe p\u00ebrtej leksioneve t\u00eb l\u00ebnd\u00ebve t\u00eb caktuara, ideja \u00ebsht\u00eb q\u00eb t\u00eb b\u00ebjm\u00eb shum\u00eb m\u00eb shum\u00eb dhe t\u00eb kemi edhe programe t\u00eb tjera q\u00eb jan\u00eb edhe arg\u00ebtuese, edhe edhe edukative\u201d, n\u00ebnvizoi ajo nd\u00ebrsa n\u00eb dit\u00ebt n\u00eb vijim do t\u00eb njoftoj\u00eb edhe p\u00ebr marr\u00ebveshjen finale me RTSH p\u00ebr detajet e programit q\u00eb do t\u00eb vijoj\u00eb p\u00ebrtej k\u00ebsaj periudhe t\u00eb jasht\u00ebzakonshme.<br \/>\nNd\u00ebrkoh\u00eb, ajo cil\u00ebson se kan\u00eb ardhur shum\u00eb pyetje edhe nga maturant\u00ebt t\u00eb cil\u00ebt jan\u00eb t\u00eb shqet\u00ebsuar p\u00ebr shkak t\u00eb humbjes s\u00eb 2-jav\u00ebve t\u00eb procesit m\u00ebsimor dhe or\u00ebve t\u00eb m\u00ebsimit t\u00eb humbura p\u00ebr shkak t\u00eb t\u00ebrmetit t\u00eb 2019-t\u00ebs. Pyetjes s\u00eb ngritur \u201cA do t\u00eb shtyhet testimi i matur\u00ebs?\u201d, Ministrja Shahini i p\u00ebrgjigjet:<br \/>\n\u201cP\u00ebr momentin, nuk kemi asnj\u00eb arsye t\u00eb mendojm\u00eb pse duhet t\u00eb shtyhet. Un\u00eb besoj fuqish\u00ebm q\u00eb k\u00ebto 2 jav\u00eb, p\u00ebrderisa jemi detyruar t\u00eb q\u00ebndrojm\u00eb n\u00eb sht\u00ebpi, \u00ebsht\u00eb nj\u00eb periudh\u00eb shum\u00eb e mir\u00eb p\u00ebr t\u00eb p\u00ebrs\u00ebritur t\u00eb gjitha leksionet dhe p\u00ebr t\u00eb m\u00ebsuar n\u00eb m\u00ebnyr\u00eb q\u00eb t\u00eb jemi sa m\u00eb t\u00eb p\u00ebrgatitur p\u00ebr testin e matur\u00ebs. N\u00eb m\u00ebnyr\u00eb q\u00eb t\u2019ju vijm\u00eb n\u00eb ndihm\u00eb, kemi k\u00ebrkuar nga RTSH q\u00eb t\u00eb na jap\u00eb edhe nj\u00eb orar shtes\u00eb vet\u00ebm p\u00ebr maturant\u00ebt. Dhe ky orar \u00ebsht\u00eb ora 13:30-14:30, ku do t\u00eb transmetojm\u00eb leksione t\u00eb klas\u00ebs s\u00eb 12-t\u00eb t\u00eb matematik\u00ebs, biologjis\u00eb dhe kimis\u00eb, n\u00eb m\u00ebnyr\u00eb q\u00eb maturant\u00ebt t\u00eb ken\u00eb mund\u00ebsi t\u00eb thellojn\u00eb m\u00eb tutje aft\u00ebsit\u00eb e tyre n\u00eb k\u00ebto 3 l\u00ebnd\u00eb, t\u00eb cilat konsiderohen edhe si m\u00eb t\u00eb v\u00ebshtirat nga vet\u00eb ata. Mos harroni, nga ora 13:30-14:30, nga e h\u00ebna deri t\u00eb premten, \u00ebsht\u00eb edhe nj\u00eb orar shtes\u00eb p\u00ebr t\u00eb gjith\u00eb maturant\u00ebt n\u00eb m\u00ebnyr\u00eb q\u00eb t\u00eb arrijn\u00eb t\u00eb p\u00ebrs\u00ebrisin disa nga leksionet e klas\u00ebs s\u00eb 12-t\u00eb\u201d.<\/p>\n<p>N\u00eb fund t\u00eb video-mesazhit t\u00eb sot\u00ebm, Ministrja Shahini shprehet se transmetimi i leksioneve do t\u00eb vijoj\u00eb edhe t\u00eb h\u00ebn\u00ebn, pa\u00e7ka se n\u00eb kushte t\u00eb zakonshme e h\u00ebna do t\u00eb kishte qen\u00eb pushim p\u00ebr shkak t\u00eb Dit\u00ebs s\u00eb Ver\u00ebs.<br \/>\n\u201cNgaq\u00eb jemi n\u00eb kushte t\u00eb jasht\u00ebzakonshme dhe nx\u00ebn\u00ebsit i kemi n\u00ebp\u00ebr sht\u00ebpi, ne do t\u00eb vazhdojm\u00eb transmetimin e zakonsh\u00ebm nga ora 10:30-12:00 dhe nga ora 18:00-19:30. P\u00ebr \u00e7do leksion q\u00eb humbisni n\u00eb k\u00ebto 2 orare, ju lutem vizitoni kanalin youtube t\u00eb Ministris\u00eb s\u00eb Arsimit, Sportit dhe Rinis\u00eb\u201d, mbyll mesazhin e saj Ministrja e Arsimit, Sportit dhe Rinis\u00eb.<\/p>","protected":false},"excerpt":{"rendered":"<p>Ministrja e Arsimit Besa Shahini n\u00eb nj\u00eb mesazh drejtuar publikut ka b\u00ebr\u00eb me dije se nuk\u00a0 \u00ebsht\u00eb marr\u00eb asnj\u00eb vendim p\u00ebr shtyrjen e provimeve t\u00eb matur\u00ebs pasi nuk ka arsye. M\u00ebsimi n\u00eb RTSH do t\u00eb vijoj\u00eb edhe pas 23 marsit thot\u00eb shahini teksa thekson se ka k\u00ebrkuar 1 or\u00eb shtes\u00eb p\u00ebr maturant\u00ebt. NJOFTIM P\u00cbR MEDIA [&hellip;]<\/p>\n","protected":false},"author":2013,"featured_media":123750,"comment_status":"open","ping_status":"closed","sticky":false,"template":"","format":"standard","meta":{"footnotes":""},"categories":[241,235],"tags":[],"class_list":{"0":"post-123793","1":"post","2":"type-post","3":"status-publish","4":"format-standard","5":"has-post-thumbnail","7":"category-aktualitet","8":"category-vendi"},"_links":{"self":[{"href":"https:\/\/zjarr.tv\/en\/wp-json\/wp\/v2\/posts\/123793","targetHints":{"allow":["GET"]}}],"collection":[{"href":"https:\/\/zjarr.tv\/en\/wp-json\/wp\/v2\/posts"}],"about":[{"href":"https:\/\/zjarr.tv\/en\/wp-json\/wp\/v2\/types\/post"}],"author":[{"embeddable":true,"href":"https:\/\/zjarr.tv\/en\/wp-json\/wp\/v2\/users\/2013"}],"replies":[{"embeddable":true,"href":"https:\/\/zjarr.tv\/en\/wp-json\/wp\/v2\/comments?post=123793"}],"version-history":[{"count":0,"href":"https:\/\/zjarr.tv\/en\/wp-json\/wp\/v2\/posts\/123793\/revisions"}],"wp:featuredmedia":[{"embeddable":true,"href":"https:\/\/zjarr.tv\/en\/wp-json\/wp\/v2\/media\/123750"}],"wp:attachment":[{"href":"https:\/\/zjarr.tv\/en\/wp-json\/wp\/v2\/media?parent=123793"}],"wp:term":[{"taxonomy":"category","embeddable":true,"href":"https:\/\/zjarr.tv\/en\/wp-json\/wp\/v2\/categories?post=123793"},{"taxonomy":"post_tag","embeddable":true,"href":"https:\/\/zjarr.tv\/en\/wp-json\/wp\/v2\/tags?post=123793"}],"curies":[{"name":"wp","href":"https:\/\/api.w.org\/{rel}","templated":true}]}}