{"id":123805,"date":"2020-03-14T15:28:18","date_gmt":"2020-03-14T14:28:18","guid":{"rendered":"https:\/\/zjarr.tv\/?p=123805"},"modified":"2020-03-14T15:28:18","modified_gmt":"2020-03-14T14:28:18","slug":"mie-thirrje-kompanive-akreditoni-shoferet-sot-sdo-kryejne-dot-transport-nderkombetar-mallrash","status":"publish","type":"post","link":"https:\/\/zjarr.tv\/en\/mie-thirrje-kompanive-akreditoni-shoferet-sot-sdo-kryejne-dot-transport-nderkombetar-mallrash\/","title":{"rendered":"MIE thirrje kompanive: Akreditoni shofer\u00ebt sot, s`do kryejn\u00eb dot transport nd\u00ebrkomb\u00ebtar mallrash"},"content":{"rendered":"<p>Ministria e Infrastruktur\u00ebs dhe Energjis\u00eb u b\u00ebn thirrje kompanive t\u00eb transportit nd\u00ebrkomb\u00ebtar t\u00eb mallrave t\u00eb dor\u00ebzojn\u00eb emrat e drejtuesve t\u00eb mjeteve, me q\u00ebllim q\u00eb t\u00eb lejohet t\u00eb punojn\u00eb n\u00eb vijim. Ministria k\u00ebrkon nga drejtuesit e kompanive q\u00eb t\u00eb dor\u00ebzojn\u00eb emrat e shofer\u00ebve, me t\u00eb gjitha t\u00eb dh\u00ebnat e tyre, me q\u00ebllim q\u00eb ata t\u00eb ken\u00eb mund\u00ebsi q\u00eb t\u00eb pajisen me autorizim p\u00ebr t\u00eb kryer aktivitet. Ministria thot\u00eb se nuk do t\u00eb lejohet transporti i mjeteve t\u00eb paautorizuara.<\/p>\n<p>&#8220;<em>N\u00eb kuad\u00ebr t\u00eb organizmit t\u00eb transportit nd\u00ebrkomb\u00ebtar t\u00eb mallrave, si pasoj\u00eb e masave t\u00eb marra p\u00ebr parandalimin e p\u00ebrhapjes s\u00eb virusit COVID-19, k\u00ebrkohet nga t\u00eb gjitha kompanit\u00eb t\u00eb cilat kryejn\u00eb transport nd\u00ebrkomb\u00ebtar t\u00eb mallrave q\u00eb brenda dit\u00ebs s\u00eb sotme, 14.03.2020, ora 23:00 t\u00eb dor\u00ebzojn\u00eb n\u00eb adres\u00ebn e email\u00a0transporti@infrastruktura.gov.al, list\u00ebn e drejtuesve t\u00eb automjeteve, t\u00eb cil\u00ebt kryejn\u00eb transport nd\u00ebrkomb\u00ebtar&#8221;<\/em>, thuhet n\u00eb nj\u00eb njoftim t\u00eb shp\u00ebrndar\u00eb sot nga Ministria e Infrastruktur\u00ebs dhe Energjis\u00eb.<\/p>\n<p>Kjo list\u00eb duhet t\u00eb p\u00ebrmbaj\u00eb em\u00ebr, at\u00ebsi, mbiem\u00ebr, dit\u00eblindje, num\u00ebr pasaporte dhe numrin e lejes s\u00eb drejtimit nd\u00ebrkomb\u00ebtare. Nga ana e autoriteteve do t\u00eb lejohen t\u00eb qarkullojn\u00eb vet\u00ebm kompanit\u00eb t\u00eb cilat do t\u00eb d\u00ebrgojn\u00eb emrat e drejtuesve t\u00eb tyre. N\u00eb fillim t\u00eb jav\u00ebs, MIE njoftoi pezullimin e transportit t\u00eb pasagjer\u00ebve me Italin\u00eb, por b\u00ebri t\u00eb ditur se transporti i mallrave nuk do te prekej nga masat shtr\u00ebnguese n\u00eb kuad\u00ebr t\u00eb emergjenc\u00ebs s\u00eb Coronavirusit. Me masat e marra nga Qeveria p\u00ebr pezullimin e l\u00ebvizjes s\u00eb automjeteve, kompanit\u00eb e transportit t\u00eb mallrave do t\u00eb duhet t\u00eb regjistrojn\u00eb drejtuesit e mjeteve p\u00ebr t\u00eb mund\u00ebsuar vijimin e pun\u00ebs se tyre.<\/p>","protected":false},"excerpt":{"rendered":"<p>Ministria e Infrastruktur\u00ebs dhe Energjis\u00eb u b\u00ebn thirrje kompanive t\u00eb transportit nd\u00ebrkomb\u00ebtar t\u00eb mallrave t\u00eb dor\u00ebzojn\u00eb emrat e drejtuesve t\u00eb mjeteve, me q\u00ebllim q\u00eb t\u00eb lejohet t\u00eb punojn\u00eb n\u00eb vijim. Ministria k\u00ebrkon nga drejtuesit e kompanive q\u00eb t\u00eb dor\u00ebzojn\u00eb emrat e shofer\u00ebve, me t\u00eb gjitha t\u00eb dh\u00ebnat e tyre, me q\u00ebllim q\u00eb ata t\u00eb ken\u00eb [&hellip;]<\/p>\n","protected":false},"author":2013,"featured_media":123806,"comment_status":"open","ping_status":"closed","sticky":false,"template":"","format":"standard","meta":{"footnotes":""},"categories":[241,235],"tags":[],"class_list":{"0":"post-123805","1":"post","2":"type-post","3":"status-publish","4":"format-standard","5":"has-post-thumbnail","7":"category-aktualitet","8":"category-vendi"},"_links":{"self":[{"href":"https:\/\/zjarr.tv\/en\/wp-json\/wp\/v2\/posts\/123805","targetHints":{"allow":["GET"]}}],"collection":[{"href":"https:\/\/zjarr.tv\/en\/wp-json\/wp\/v2\/posts"}],"about":[{"href":"https:\/\/zjarr.tv\/en\/wp-json\/wp\/v2\/types\/post"}],"author":[{"embeddable":true,"href":"https:\/\/zjarr.tv\/en\/wp-json\/wp\/v2\/users\/2013"}],"replies":[{"embeddable":true,"href":"https:\/\/zjarr.tv\/en\/wp-json\/wp\/v2\/comments?post=123805"}],"version-history":[{"count":0,"href":"https:\/\/zjarr.tv\/en\/wp-json\/wp\/v2\/posts\/123805\/revisions"}],"wp:featuredmedia":[{"embeddable":true,"href":"https:\/\/zjarr.tv\/en\/wp-json\/wp\/v2\/media\/123806"}],"wp:attachment":[{"href":"https:\/\/zjarr.tv\/en\/wp-json\/wp\/v2\/media?parent=123805"}],"wp:term":[{"taxonomy":"category","embeddable":true,"href":"https:\/\/zjarr.tv\/en\/wp-json\/wp\/v2\/categories?post=123805"},{"taxonomy":"post_tag","embeddable":true,"href":"https:\/\/zjarr.tv\/en\/wp-json\/wp\/v2\/tags?post=123805"}],"curies":[{"name":"wp","href":"https:\/\/api.w.org\/{rel}","templated":true}]}}