{"id":123811,"date":"2020-03-16T11:12:06","date_gmt":"2020-03-16T10:12:06","guid":{"rendered":"https:\/\/zjarr.tv\/?p=123811"},"modified":"2020-03-16T11:12:06","modified_gmt":"2020-03-16T10:12:06","slug":"kundershtojne-me-dhune-policin-prangosen-dy-persona","status":"publish","type":"post","link":"https:\/\/zjarr.tv\/en\/kundershtojne-me-dhune-policin-prangosen-dy-persona\/","title":{"rendered":"Kund\u00ebrshtojn\u00eb me dhun\u00eb policin, prangosen dy persona"},"content":{"rendered":"<p>Policia Rrugore e Lezh\u00ebs ka arrestuar dy persona, pasi nuk jan\u00eb bindur urdhrit p\u00ebr t\u00eb ndaluar.<\/p>\n<p>N\u00eb pranga jan\u00eb v\u00ebn\u00eb nj\u00eb drejtues mjeti dhe pasagjerin q\u00eb udh\u00ebtonte me t\u00eb.<\/p>\n<p>Shoferi me pasagjerin kan\u00eb kund\u00ebrshtuar ndalimin duke reaguar me dhun\u00eb kundrejt nj\u00eb polici, pasi u \u00ebsht\u00eb k\u00ebrkuar q\u00eb t\u00eb shoq\u00ebrohen n\u00eb ambientet e policis\u00eb.<\/p>\n<p>T\u00eb arrestuarit jan\u00eb shtetasit me iniciale T. L., 24 vje\u00e7 dhe E. N., 26 vje\u00e7, t\u00eb dy banues n\u00eb Mirdit\u00eb.<\/p>\n<p><em>\u201cArrestimi i tyre u b\u00eb pasi shtetasi T. L., duke drejtuar mjetin e tij, pas testit t\u00eb alkoolit ka rezultuar n\u00eb gjendje t\u00eb dehur dhe n\u00eb momentin q\u00eb sh\u00ebrbimet e Policis\u00eb do ta shoq\u00ebronin n\u00eb Komisariat, ky shtetas, n\u00eb bashk\u00ebpunim me shtetasin E. N., pasagjer n\u00eb mjet, ka kund\u00ebrshtuar me dhun\u00eb punonj\u00ebsit e Policis\u00eb, por jan\u00eb shoq\u00ebruar forc\u00ebrisht nga k\u00ebta t\u00eb fundit\u201d\u00a0<\/em>njofton policia.<\/p>","protected":false},"excerpt":{"rendered":"<p>Policia Rrugore e Lezh\u00ebs ka arrestuar dy persona, pasi nuk jan\u00eb bindur urdhrit p\u00ebr t\u00eb ndaluar. N\u00eb pranga jan\u00eb v\u00ebn\u00eb nj\u00eb drejtues mjeti dhe pasagjerin q\u00eb udh\u00ebtonte me t\u00eb. Shoferi me pasagjerin kan\u00eb kund\u00ebrshtuar ndalimin duke reaguar me dhun\u00eb kundrejt nj\u00eb polici, pasi u \u00ebsht\u00eb k\u00ebrkuar q\u00eb t\u00eb shoq\u00ebrohen n\u00eb ambientet e policis\u00eb. T\u00eb arrestuarit [&hellip;]<\/p>\n","protected":false},"author":2013,"featured_media":123813,"comment_status":"open","ping_status":"closed","sticky":false,"template":"","format":"standard","meta":{"footnotes":""},"categories":[241,235],"tags":[],"class_list":{"0":"post-123811","1":"post","2":"type-post","3":"status-publish","4":"format-standard","5":"has-post-thumbnail","7":"category-aktualitet","8":"category-vendi"},"_links":{"self":[{"href":"https:\/\/zjarr.tv\/en\/wp-json\/wp\/v2\/posts\/123811","targetHints":{"allow":["GET"]}}],"collection":[{"href":"https:\/\/zjarr.tv\/en\/wp-json\/wp\/v2\/posts"}],"about":[{"href":"https:\/\/zjarr.tv\/en\/wp-json\/wp\/v2\/types\/post"}],"author":[{"embeddable":true,"href":"https:\/\/zjarr.tv\/en\/wp-json\/wp\/v2\/users\/2013"}],"replies":[{"embeddable":true,"href":"https:\/\/zjarr.tv\/en\/wp-json\/wp\/v2\/comments?post=123811"}],"version-history":[{"count":0,"href":"https:\/\/zjarr.tv\/en\/wp-json\/wp\/v2\/posts\/123811\/revisions"}],"wp:featuredmedia":[{"embeddable":true,"href":"https:\/\/zjarr.tv\/en\/wp-json\/wp\/v2\/media\/123813"}],"wp:attachment":[{"href":"https:\/\/zjarr.tv\/en\/wp-json\/wp\/v2\/media?parent=123811"}],"wp:term":[{"taxonomy":"category","embeddable":true,"href":"https:\/\/zjarr.tv\/en\/wp-json\/wp\/v2\/categories?post=123811"},{"taxonomy":"post_tag","embeddable":true,"href":"https:\/\/zjarr.tv\/en\/wp-json\/wp\/v2\/tags?post=123811"}],"curies":[{"name":"wp","href":"https:\/\/api.w.org\/{rel}","templated":true}]}}