{"id":123815,"date":"2020-03-16T11:14:32","date_gmt":"2020-03-16T10:14:32","guid":{"rendered":"https:\/\/zjarr.tv\/?p=123815"},"modified":"2020-03-16T11:14:32","modified_gmt":"2020-03-16T10:14:32","slug":"ne-cilat-ore-lejohet-levizja-e-automjeteve-private-sot","status":"publish","type":"post","link":"https:\/\/zjarr.tv\/en\/ne-cilat-ore-lejohet-levizja-e-automjeteve-private-sot\/","title":{"rendered":"N\u00eb cilat or\u00eb lejohet l\u00ebvizja e automjeteve private sot?"},"content":{"rendered":"<p>Policia e Shtetit publikon oraret e l\u00ebvizjeve n\u00eb kuad\u00ebr t\u00eb masave \u00a0kufizuese p\u00ebr parandalimin e p\u00ebrhapjes e coronaviruesit \u201dCovid 2019.<\/p>\n<p>Levizja e mjeteve do t\u00eb jet\u00eb nga ora 00:00 &#8211; 08:00 si dhe nga ora 16:00- 17:00.<\/p>\n<p><strong>Makinat private e taksite-\u00a0<\/strong>\u00a0Nga ora 00:00 deri n\u00eb or\u00ebn 08:00 t\u00eb dat\u00ebs 16.03.2020, do t\u00eb lejohet qarkullimi i mjeteve rrugore private t\u00eb shtetasve me num\u00ebr t\u00eb kufizuar njer\u00ebzish 4+1 n\u00eb t\u00eb gjith\u00eb vendin por duke respektuar kufizimet higjeno-sanitare t\u00eb situat\u00ebs s\u00eb krijuar.<\/p>\n<p>Nd\u00ebrkoh\u00eb nuk do lejohet qarkullimi i mjeteve t\u00eb sh\u00ebrbimit publik, p\u00ebrjashtuar sh\u00ebrbimin taksi 4+1, brenda k\u00ebtij orari.<\/p>\n<p><strong>Mjetet me personel-\u00a0<\/strong>Do t\u00eb lejohet qarkullimi n\u00eb oraret 06.00 deri n\u00eb or\u00ebn 08.00 n\u00eb m\u00ebngjes dhe 16.00 deri 17.00 mbasdite i mjeteve (furgon\u00e7ina, furgon\u00eb, minibus\u00eb, autobus\u00eb) q\u00eb do b\u00ebjn\u00eb transportin e personelit dhe punonj\u00ebsve \u00a0t\u00eb bizneseve \u00a0prodhuese\/industriale\/ bujq\u00ebsore, duke marr\u00eb masa individuale mbrojt\u00ebse \u00a0sipas k\u00ebrkesave t\u00eb d\u00ebrguara dhe miratuara \u00a0 nga Policia e Shtetit, si dhe qarkullimi i automjeteve p\u00ebr \u00a0punonj\u00ebsit e Policis\u00eb s\u00eb Burgjeve, SHPSF-ve, si dhe personeli sh\u00ebndet\u00ebsor me mjetet e tyre private p\u00ebr vajtje ardhje n\u00eb pune, n\u00eb oraret e nd\u00ebrrimit t\u00eb turneve, kundrejt dokumentit t\u00eb institucionit ku punojn\u00eb.<\/p>\n<p><strong>Mjetet qe transportojne mallra-\u00a0<\/strong>Do t\u00eb lejohet l\u00ebvizja e mjeteve rrugore q\u00eb kryejn\u00eb transporte t\u00eb mallrave brenda dhe jasht\u00eb vendit p\u00ebr llogari t\u00eb individ\u00ebve, firmave dhe kompanive vendas dhe t\u00eb huaja, furgon\u00e7ina, furgon\u00eb, kamion\u00eb t\u00eb cil\u00ebt merren m\u00eb \u00a0furnizimin e me produkte ushqimore dhe blegtorale dhe q\u00eb ofrojn\u00eb sh\u00ebrbime p\u00ebr qytetar\u00ebt, mjetet q\u00eb transportojn\u00eb baz\u00eb ushqimore p\u00ebr blegtorin\u00eb.<\/p>\n<p><strong>Jasht\u00eb k\u00ebtij kufizimi-\u00a0<\/strong>Do t\u00eb lejohet t\u00eb qarkullojn\u00eb, mjetet rrugore q\u00eb kryejn\u00eb sh\u00ebrbime t\u00eb emergjenc\u00ebs, ambulanca, zjarrfik\u00ebse dhe mjetet e Policis\u00eb s\u00eb Shtetit e ato ushtarake, punonj\u00ebsit e medies me makina t\u00eb loguara ose jo \u00a0por t\u00eb paisura me dokument identifikimi. Autorizimet e m\u00ebparshme t\u00eb \u00a0l\u00ebshuar nga Policia e Shtetit me afat deri n\u00eb dat\u00ebn 15 Mars, ju zgjatet afati<\/p>\n<p><strong>Sqarim per autorizimet-\u00a0<\/strong>Me q\u00ebllim kthimin e \u00a0p\u00ebrgjigjeve n\u00eb koh\u00eb \u00a0t\u00eb k\u00ebrkesave t\u00eb qytetareve, t\u00eb cil\u00ebt kan\u00eb nevoj\u00eb t\u00eb komunikojn\u00eb p\u00ebr probleme t\u00eb ndyshme ne nr 112\/129 si dhe n\u00eb numrat e dedikuar 0694122223 dhe 0694122224, \u00a0sqarojm\u00eb \u00a0pronar\u00ebt dhe administrator\u00ebt e subjekte q\u00eb merren me shp\u00ebrndaje t\u00eb produkteve ushqimore, apo q\u00eb ofrojn\u00eb sh\u00ebrbime t\u00eb cilat p\u00ebrdor\u00ebn Furgoncina, forgon\u00eb dhe kamion\u00eb se nuk kan\u00eb nevoj\u00eb p\u00ebr autorizim p\u00ebr levizje,pasi ato jana t\u00eb p\u00ebrfshira n\u00eb kategorine e mjeteve q\u00eb lejohen t\u00eb qarkullojn\u00eb pa autorizim. Theksojm\u00eb se n\u00eb k\u00ebto automjete do qarkullojn\u00eb vet\u00ebm drejtuesit e k\u00ebtyre automjeteve dhe jo familjar\u00eb apo pasagj\u00ebr\u00eb t\u00eb tjer\u00eb.<\/p>\n<p>Policia e Shtetit gjen rastin p\u00ebr t\u00eb apeluar edhe nj\u00ebher\u00eb p\u00ebr t\u00eb gjith\u00eb drejtuesit e automjeteve q\u00eb t\u00eb respektojn\u00eb me korrekt\u00ebsi kufizimet e vendosura pasi shkelja e tyre do nd\u00ebshkohet me masa t\u00eb rrepta administrative t\u00eb reja t\u00eb vendosura nga Qeveria \u00a0p\u00ebr shkak t\u00eb situat\u00ebs, me q\u00ebllim parandalimin e p\u00ebrhapjes \u00a0s\u00eb COVID 19.<\/p>","protected":false},"excerpt":{"rendered":"<p>Policia e Shtetit publikon oraret e l\u00ebvizjeve n\u00eb kuad\u00ebr t\u00eb masave \u00a0kufizuese p\u00ebr parandalimin e p\u00ebrhapjes e coronaviruesit \u201dCovid 2019. Levizja e mjeteve do t\u00eb jet\u00eb nga ora 00:00 &#8211; 08:00 si dhe nga ora 16:00- 17:00. Makinat private e taksite-\u00a0\u00a0Nga ora 00:00 deri n\u00eb or\u00ebn 08:00 t\u00eb dat\u00ebs 16.03.2020, do t\u00eb lejohet qarkullimi i [&hellip;]<\/p>\n","protected":false},"author":2013,"featured_media":123816,"comment_status":"open","ping_status":"closed","sticky":false,"template":"","format":"standard","meta":{"footnotes":""},"categories":[241,235],"tags":[],"class_list":{"0":"post-123815","1":"post","2":"type-post","3":"status-publish","4":"format-standard","5":"has-post-thumbnail","7":"category-aktualitet","8":"category-vendi"},"_links":{"self":[{"href":"https:\/\/zjarr.tv\/en\/wp-json\/wp\/v2\/posts\/123815","targetHints":{"allow":["GET"]}}],"collection":[{"href":"https:\/\/zjarr.tv\/en\/wp-json\/wp\/v2\/posts"}],"about":[{"href":"https:\/\/zjarr.tv\/en\/wp-json\/wp\/v2\/types\/post"}],"author":[{"embeddable":true,"href":"https:\/\/zjarr.tv\/en\/wp-json\/wp\/v2\/users\/2013"}],"replies":[{"embeddable":true,"href":"https:\/\/zjarr.tv\/en\/wp-json\/wp\/v2\/comments?post=123815"}],"version-history":[{"count":0,"href":"https:\/\/zjarr.tv\/en\/wp-json\/wp\/v2\/posts\/123815\/revisions"}],"wp:featuredmedia":[{"embeddable":true,"href":"https:\/\/zjarr.tv\/en\/wp-json\/wp\/v2\/media\/123816"}],"wp:attachment":[{"href":"https:\/\/zjarr.tv\/en\/wp-json\/wp\/v2\/media?parent=123815"}],"wp:term":[{"taxonomy":"category","embeddable":true,"href":"https:\/\/zjarr.tv\/en\/wp-json\/wp\/v2\/categories?post=123815"},{"taxonomy":"post_tag","embeddable":true,"href":"https:\/\/zjarr.tv\/en\/wp-json\/wp\/v2\/tags?post=123815"}],"curies":[{"name":"wp","href":"https:\/\/api.w.org\/{rel}","templated":true}]}}