{"id":123818,"date":"2020-03-16T11:15:35","date_gmt":"2020-03-16T10:15:35","guid":{"rendered":"https:\/\/zjarr.tv\/?p=123818"},"modified":"2020-03-16T11:15:35","modified_gmt":"2020-03-16T10:15:35","slug":"situata-tek-infektivi-shkon-ne-20-numri-i-te-shtruarve-1-me-frymemarrje-te-drejtuar","status":"publish","type":"post","link":"https:\/\/zjarr.tv\/en\/situata-tek-infektivi-shkon-ne-20-numri-i-te-shtruarve-1-me-frymemarrje-te-drejtuar\/","title":{"rendered":"Situata tek Infektivi: Shkon n\u00eb 20 numri i t\u00eb shtruarve, 1 me frym\u00ebmarrje t\u00eb drejtuar"},"content":{"rendered":"<p>Kryeministri Edi Rama ka b\u00ebr\u00eb nj\u00eb p\u00ebrmbledhje t\u00eb sh\u00ebndetit t\u00eb t\u00eb prekurve me koronavirus.<\/p>\n<p>N\u00eb n\u00eb nj\u00eb status n\u00eb Facebook ka b\u00ebr\u00eb t\u00eb ditur se n\u00eb spitalin infektiv jan\u00eb t\u00eb shtruar 20 persona t\u00eb infektuar me \u00a0koronavirus nga t\u00eb cil\u00ebt 3 jan\u00eb n\u00eb reanimacion, ku nj\u00ebri prej tyre \u00ebsht\u00eb me frym\u00ebmarrje t\u00eb drejtuar.<\/p>\n<p>T\u00eb infektuarit jan\u00eb t\u00eb mosh\u00ebs nga 30 vjec deri 85 vjec.<\/p>\n<p><strong>Edi Rama:<\/strong>\u00a0<em>Sot, n\u00eb vigjilje t\u00eb jav\u00ebs q\u00eb sipas t\u00eb gjitha statistikave ngre furtun\u00ebn kemi t\u00eb shtruar 20 motra e v\u00ebllez\u00ebr, nga t\u00eb cil\u00ebt<\/em><\/p>\n<p><em>10 jan\u00eb t\u00eb mosh\u00ebs 60-85 vje\u00e7<br \/>\n6 jan\u00eb t\u00eb mosh\u00ebs 50-60 vje\u00e7<br \/>\n4 jan\u00eb t\u00eb mosh\u00ebs 30-49 vje\u00e7<\/em><\/p>\n<p><em>Vet\u00ebm 3 prej t\u00eb shtruarve jan\u00eb n\u00eb reanimacion dhe 1 prej tyre me frym\u00ebmarrje t\u00eb drejtuar. t\u00eb tjer\u00ebt jan\u00eb n\u00eb gjendje t\u00eb q\u00ebndrueshme dhe 3 nga k\u00ebta shfaqin shenja inkurajuese p\u00ebrmir\u00ebsimi<\/em><\/p>\n<p><em>Zoti u dh\u00ebnt\u00eb mjek\u00ebve e infermier\u00ebve q\u00eb kujdesen p\u00ebr ta t\u00eb gjith\u00eb forc\u00ebn e frym\u00ebzimin q\u00eb u duhet dhe lutjet tona leht\u00ebsofshin rrug\u00ebn e kthimit n\u00eb jet\u00ebn normale t\u00eb \u00e7donj\u00ebrit prej t\u00eb shtruarve<\/em><\/p>\n<p>Deri tani n\u00eb Shqip\u00ebri num\u00ebrohen 42 raste pozitive.<\/p>","protected":false},"excerpt":{"rendered":"<p>Kryeministri Edi Rama ka b\u00ebr\u00eb nj\u00eb p\u00ebrmbledhje t\u00eb sh\u00ebndetit t\u00eb t\u00eb prekurve me koronavirus. N\u00eb n\u00eb nj\u00eb status n\u00eb Facebook ka b\u00ebr\u00eb t\u00eb ditur se n\u00eb spitalin infektiv jan\u00eb t\u00eb shtruar 20 persona t\u00eb infektuar me \u00a0koronavirus nga t\u00eb cil\u00ebt 3 jan\u00eb n\u00eb reanimacion, ku nj\u00ebri prej tyre \u00ebsht\u00eb me frym\u00ebmarrje t\u00eb drejtuar. T\u00eb infektuarit [&hellip;]<\/p>\n","protected":false},"author":2013,"featured_media":123819,"comment_status":"open","ping_status":"closed","sticky":false,"template":"","format":"standard","meta":{"footnotes":""},"categories":[241,235],"tags":[],"class_list":{"0":"post-123818","1":"post","2":"type-post","3":"status-publish","4":"format-standard","5":"has-post-thumbnail","7":"category-aktualitet","8":"category-vendi"},"_links":{"self":[{"href":"https:\/\/zjarr.tv\/en\/wp-json\/wp\/v2\/posts\/123818","targetHints":{"allow":["GET"]}}],"collection":[{"href":"https:\/\/zjarr.tv\/en\/wp-json\/wp\/v2\/posts"}],"about":[{"href":"https:\/\/zjarr.tv\/en\/wp-json\/wp\/v2\/types\/post"}],"author":[{"embeddable":true,"href":"https:\/\/zjarr.tv\/en\/wp-json\/wp\/v2\/users\/2013"}],"replies":[{"embeddable":true,"href":"https:\/\/zjarr.tv\/en\/wp-json\/wp\/v2\/comments?post=123818"}],"version-history":[{"count":0,"href":"https:\/\/zjarr.tv\/en\/wp-json\/wp\/v2\/posts\/123818\/revisions"}],"wp:featuredmedia":[{"embeddable":true,"href":"https:\/\/zjarr.tv\/en\/wp-json\/wp\/v2\/media\/123819"}],"wp:attachment":[{"href":"https:\/\/zjarr.tv\/en\/wp-json\/wp\/v2\/media?parent=123818"}],"wp:term":[{"taxonomy":"category","embeddable":true,"href":"https:\/\/zjarr.tv\/en\/wp-json\/wp\/v2\/categories?post=123818"},{"taxonomy":"post_tag","embeddable":true,"href":"https:\/\/zjarr.tv\/en\/wp-json\/wp\/v2\/tags?post=123818"}],"curies":[{"name":"wp","href":"https:\/\/api.w.org\/{rel}","templated":true}]}}