{"id":124537,"date":"2020-04-09T15:30:14","date_gmt":"2020-04-09T13:30:14","guid":{"rendered":"https:\/\/zjarr.tv\/?p=124537"},"modified":"2020-04-09T15:30:14","modified_gmt":"2020-04-09T13:30:14","slug":"reporteret-pa-kufij-denojne-sulmet-e-rames-ndaj-medias","status":"publish","type":"post","link":"https:\/\/zjarr.tv\/en\/reporteret-pa-kufij-denojne-sulmet-e-rames-ndaj-medias\/","title":{"rendered":"Reporter\u00ebt pa Kufij d\u00ebnojn\u00eb sulmet e Ram\u00ebs ndaj medias"},"content":{"rendered":"<p>Organizata p\u00ebr lirin\u00eb e medias Reporter\u00ebt pa Kufij (RSF) kritikoi kryeministrin Rama p\u00ebr sulmet e vazhdueshme ndaj medias gjat\u00eb kriz\u00ebs s\u00eb koronavirusit.<\/p>\n<p>N\u00eb nj\u00eb deklarat\u00eb p\u00ebr shtyp, RSF dha shembuj t\u00eb sulmeve t\u00eb ndrysh\u00ebm ndaj gazetar\u00ebve, punonj\u00ebsve t\u00eb mediave dhe liris\u00eb s\u00eb shprehjes gjat\u00eb pandemis\u00eb. Nd\u00ebr deklaratat kryesore t\u00eb lider\u00ebve q\u00eb cenojn\u00eb lirin\u00eb e medias, u p\u00ebrmend\u00a0mesazhi audio\u00a0i regjistruar i Ram\u00ebs.<\/p>\n<p>N\u00eb fillim t\u00eb kriz\u00ebs COVID-19 n\u00eb Shqip\u00ebri, Edi Rama\u00a0p\u00ebrdori\u00a0kompanin\u00eb Vodafone Albania p\u00ebr t\u00eb vendosur nj\u00eb mesazh t\u00eb regjistruar paraprakisht n\u00eb celularin e t\u00eb gjith\u00ebve. Mesazhi d\u00ebgjohej para se t\u00eb b\u00ebhej ndonj\u00eb telefonat\u00eb dal\u00ebse. N\u00eb t\u00eb, Rama k\u00ebshillonte qytetar\u00ebt t\u00eb ruajn\u00eb higjen\u00ebn dhe t\u00eb mbroheshin nga media.<\/p>\n<p>Mesazhi i Ram\u00ebs p\u00ebr p\u00ebrdoruesit e Vodafone, rrjeti m\u00eb popullor i telefonis\u00eb n\u00eb vend, ishte:<\/p>\n<p><em>\u201cLaj duart, mos l\u00ebviz nga sht\u00ebpia p\u00ebr qef, hap dritaret sa t\u00eb mundesh dhe ruaju nga media.\u201d<\/em><\/p>\n<p>P\u00ebrdoruesit e kompanis\u00eb tjet\u00ebr telefonike, Telekom Albania mor\u00ebn nj\u00eb mesazh pak m\u00eb t\u00eb ndrysh\u00ebm, duke u k\u00ebrkuar atyre q\u00eb t\u00eb mbroheshin nga informacioni i rrem\u00eb.<\/p>\n<p>Rama njihet p\u00ebr marr\u00ebdh\u00ebnien jo miq\u00ebsore me median.<\/p>\n<p>Gjat\u00eb dy viteve t\u00eb fundit ai i\u00a0ka quajtur\u00a0gazetar\u00ebt budallenj, analfabet\u00eb, shkel\u00ebs t\u00eb t\u00eb drejtave t\u00eb njeriut, prostituta, qen, injorant\u00eb dhe parazit\u00eb.<\/p>\n<p>Qeveria e tij gjithashtu miratoi nj\u00eb\u00a0ligj\u00a0q\u00eb vendos t\u00eb gjitha platformat e mediave online de fakto n\u00ebn kontrollin e tij. Sulmi i tij ndaj mediave ka ardhur si pasoj\u00eb t\u00eb k\u00ebmb\u00ebnguljes s\u00eb tyre n\u00eb zbulimin e korrupsionit, keqp\u00ebrdorimit t\u00eb fondeve publike, blerjes s\u00eb votave dhe skandaleve t\u00eb koncesioneve q\u00eb p\u00ebrfshin\u00eb at\u00eb dhe qeverin\u00eb e tij.<\/p>\n<p>Shkelje t\u00eb tjera t\u00eb liris\u00eb s\u00eb shtypit t\u00eb detajuara n\u00eb njoftimin p\u00ebr shtyp p\u00ebrfshijn\u00eb arrestimin dhe ndalimin e gazetares serbe\u00a0Ana Lalic.\u00a0Apartamenti i saj u bastis dhe telefoni i saj celular dhe kompjuteri u sekuestruan pasi ajo publikoi nj\u00eb artikull q\u00eb p\u00ebrshkruante problemet dhe kushtet e k\u00ebqija n\u00eb nj\u00eb spital lokal ku trajtohen pacient\u00ebt me koronavirusit.<\/p>\n<p>Sipas RSF, kjo s\u00eb bashku me shembujt e tjer\u00eb, t\u00eb p\u00ebrfshir\u00eb n\u00eb deklarat\u00eb, \u00ebsht\u00eb nj\u00eb tjet\u00ebr \u201cilustrim i zymt\u00eb i faktit q\u00eb nd\u00ebrsa gazetar\u00ebt kontribuojn\u00eb n\u00eb luft\u00ebn kund\u00ebr COVID-19, ata b\u00ebhen vet\u00eb viktima t\u00eb sulmeve nga armiq t\u00eb ndrysh\u00ebm t\u00eb liris\u00eb s\u00eb shtypit \u2013 p\u00ebrfshir\u00eb, p\u00ebr fat t\u00eb keq, edhe vet\u00eb qeverit\u00eb \u2013 t\u00eb cil\u00ebt p\u00ebrfitojn\u00eb nga situata p\u00ebr t\u00eb p\u00ebrndjekur kritik\u00ebt e tyre. \u201d<\/p>\n<p>Shqip\u00ebria aktualisht renditet n\u00eb\u00a0vendin e 82\u00a0n\u00eb Indeksin Bot\u00ebror t\u00eb Liris\u00eb s\u00eb Shtypit, hartuar nga RSF n\u00eb vitin 2019. Ju mund t\u00eb shihni nj\u00eb list\u00eb t\u00eb sulmeve ndaj gazetar\u00ebve n\u00eb vitin 2019\u00a0k\u00ebtu,\u00a0dhe nj\u00eb list\u00eb t\u00eb fyerjeve t\u00eb p\u00ebrdorura nga Rama kund\u00ebr mediave q\u00eb nga viti 2018\u00a0k\u00ebtu.\/\u00a0Exit.al<\/p>","protected":false},"excerpt":{"rendered":"<p>Organizata p\u00ebr lirin\u00eb e medias Reporter\u00ebt pa Kufij (RSF) kritikoi kryeministrin Rama p\u00ebr sulmet e vazhdueshme ndaj medias gjat\u00eb kriz\u00ebs s\u00eb koronavirusit. N\u00eb nj\u00eb deklarat\u00eb p\u00ebr shtyp, RSF dha shembuj t\u00eb sulmeve t\u00eb ndrysh\u00ebm ndaj gazetar\u00ebve, punonj\u00ebsve t\u00eb mediave dhe liris\u00eb s\u00eb shprehjes gjat\u00eb pandemis\u00eb. Nd\u00ebr deklaratat kryesore t\u00eb lider\u00ebve q\u00eb cenojn\u00eb lirin\u00eb e medias, [&hellip;]<\/p>\n","protected":false},"author":2013,"featured_media":124431,"comment_status":"open","ping_status":"closed","sticky":false,"template":"","format":"standard","meta":{"footnotes":""},"categories":[241,235],"tags":[],"class_list":{"0":"post-124537","1":"post","2":"type-post","3":"status-publish","4":"format-standard","5":"has-post-thumbnail","7":"category-aktualitet","8":"category-vendi"},"_links":{"self":[{"href":"https:\/\/zjarr.tv\/en\/wp-json\/wp\/v2\/posts\/124537","targetHints":{"allow":["GET"]}}],"collection":[{"href":"https:\/\/zjarr.tv\/en\/wp-json\/wp\/v2\/posts"}],"about":[{"href":"https:\/\/zjarr.tv\/en\/wp-json\/wp\/v2\/types\/post"}],"author":[{"embeddable":true,"href":"https:\/\/zjarr.tv\/en\/wp-json\/wp\/v2\/users\/2013"}],"replies":[{"embeddable":true,"href":"https:\/\/zjarr.tv\/en\/wp-json\/wp\/v2\/comments?post=124537"}],"version-history":[{"count":0,"href":"https:\/\/zjarr.tv\/en\/wp-json\/wp\/v2\/posts\/124537\/revisions"}],"wp:featuredmedia":[{"embeddable":true,"href":"https:\/\/zjarr.tv\/en\/wp-json\/wp\/v2\/media\/124431"}],"wp:attachment":[{"href":"https:\/\/zjarr.tv\/en\/wp-json\/wp\/v2\/media?parent=124537"}],"wp:term":[{"taxonomy":"category","embeddable":true,"href":"https:\/\/zjarr.tv\/en\/wp-json\/wp\/v2\/categories?post=124537"},{"taxonomy":"post_tag","embeddable":true,"href":"https:\/\/zjarr.tv\/en\/wp-json\/wp\/v2\/tags?post=124537"}],"curies":[{"name":"wp","href":"https:\/\/api.w.org\/{rel}","templated":true}]}}