{"id":127056,"date":"2020-06-16T14:57:14","date_gmt":"2020-06-16T12:57:14","guid":{"rendered":"https:\/\/zjarr.tv\/?p=127056"},"modified":"2020-06-16T14:57:14","modified_gmt":"2020-06-16T12:57:14","slug":"basha-takon-qytetaret-e-sipermarresit-ne-kamez-qeveria-i-ka-braktisur","status":"publish","type":"post","link":"https:\/\/zjarr.tv\/en\/basha-takon-qytetaret-e-sipermarresit-ne-kamez-qeveria-i-ka-braktisur\/","title":{"rendered":"Basha takon qytetar\u00ebt e sip\u00ebrmarr\u00ebsit n\u00eb Kam\u00ebz: Qeveria i ka braktisur"},"content":{"rendered":"<p>Kreu i Partis\u00eb Demokratike, Lulzim Basha, ka zhvilluar sot takime me qytetar\u00ebt dhe sip\u00ebrmarr\u00ebsit e vegj\u00ebl n\u00eb Kam\u00ebz, ku ka d\u00ebgjuar shqet\u00ebsimet e tyre, p\u00ebr shkak t\u00eb kriz\u00ebs s\u00eb krijuar nga pandemia e koronavirusit.<\/p>\n<p>Teksa shkruan se qytetar\u00ebt dhe bizneset jan\u00eb braktisur nga qeveria n\u00eb k\u00ebt\u00eb periudh\u00eb t\u00eb v\u00ebshtir\u00eb, Basha thekson se \u201cN\u00eb 7 vjet RAMAVIRUSI rriti taksat, rriti \u00e7mimin e dritave, t\u00eb ujit, t\u00eb naft\u00ebs, tarifat e shkollimit, por nuk rriti paga as pensione, nuk nd\u00ebrtoi as shkolla, as spitale, as rrug\u00eb, por parat\u00eb q\u00eb i\u2019u mori qytetar\u00ebve, i \u00e7oi n\u00eb xhepat e pes\u00eb oligark\u00ebve\u201d.<\/p>\n<p><strong>Mesazhi i Bash\u00ebs:<\/strong><\/p>\n<p>N\u00eb Kam\u00ebz, ashtu si dhe n\u00eb gjith\u00eb Shqip\u00ebrin\u00eb takova qytetar\u00eb dhe sip\u00ebrmarr\u00ebs t\u00eb vegj\u00ebl t\u00eb zhytur n\u00eb varf\u00ebri, t\u00eb braktisur nga qeveria dhe n\u00eb pamund\u00ebsi p\u00ebr t\u00eb siguruar mbijetes\u00ebn.<\/p>\n<p>Qytetar\u00eb t\u00eb papun\u00eb, biznese t\u00eb zhytura n\u00eb borxhe, taksa dhe fatura t\u00eb larta si dhe ulja drastike e fuqis\u00eb bler\u00ebse jan\u00eb kryefjal\u00eb n\u00eb jet\u00ebn e \u00e7do fshati, lagjeje dhe qyteti t\u00eb Shqip\u00ebris\u00eb.<\/p>\n<p>N\u00eb 7 vjet RAMAVIRUSI rriti taksat, rriti \u00e7mimin e dritave, t\u00eb ujit, t\u00eb naft\u00ebs, tarifat e shkollimit, por nuk rriti paga as pensione, nuk nd\u00ebrtoi as shkolla, as spitale, as rrug\u00eb, por parat\u00eb q\u00eb i\u2019u mori qytetar\u00ebve, i \u00e7oi n\u00eb xhepat e pes\u00eb oligark\u00ebve.<\/p>\n<p>Nd\u00ebrsa shqiptar\u00ebt varf\u00ebrohen, oligark\u00ebt vazhdojn\u00eb t\u00eb shtojn\u00eb pasurit\u00eb q\u00eb i bashk\u00ebndajn\u00eb me qeveritar\u00ebt.<\/p>\n<p>Qytetar\u00ebve t\u00eb Kamz\u00ebs dhe \u00e7do shqiptari sot i duhet nj\u00eb qeveri normale q\u00eb t\u2019iu krijoj\u00eb mund\u00ebsi p\u00ebr t\u00eb jetuar e punuar.<\/p>\n<p>N\u00eb planin ton\u00eb t\u00eb pamundurit nuk do t\u00eb braktisen, por do t\u00eb jet\u00eb buxheti i shtetit q\u00eb do t\u2019iu mund\u00ebsoj\u00eb, buk\u00eb, uj\u00eb e drita si\u00e7 b\u00ebn \u00e7do qeveri e p\u00ebrgjegjshme sot n\u00eb bot\u00eb. Ne do t\u00eb ulim taksat n\u00eb m\u00ebnyr\u00eb q\u00eb ato para q\u00eb sot shkojn\u00eb ne xhepat e pes\u00eb oligark\u00ebve, nes\u00ebr t\u00eb kthehen n\u00eb investime q\u00eb shtojn\u00eb vendet e pun\u00ebs dhe rrisin pagat.<\/p>\n<p>Ne do ta b\u00ebjm\u00eb Shqip\u00ebrin\u00eb vend t\u00ebrheq\u00ebs p\u00ebr investitor\u00ebt e huaj q\u00eb mund\u00ebsojn\u00eb vende pune. N\u00ebn qeverisjen ton\u00eb ata nuk do t\u00eb p\u00ebrzgjedhin m\u00eb Maqedonin\u00eb e Veriut e Serbin\u00eb, si\u00e7 po ndodh sot.<\/p>\n<p>Mb\u00ebshtetja e sipermarr\u00ebsve t\u00eb rinj dhe pun\u00ebsimi i t\u00eb rinjve do t\u00eb jet\u00eb nd\u00ebr prioritetet kryesore t\u00eb miat dhe t\u00eb Partis\u00eb Demokratike.<\/p>","protected":false},"excerpt":{"rendered":"<p>Kreu i Partis\u00eb Demokratike, Lulzim Basha, ka zhvilluar sot takime me qytetar\u00ebt dhe sip\u00ebrmarr\u00ebsit e vegj\u00ebl n\u00eb Kam\u00ebz, ku ka d\u00ebgjuar shqet\u00ebsimet e tyre, p\u00ebr shkak t\u00eb kriz\u00ebs s\u00eb krijuar nga pandemia e koronavirusit. Teksa shkruan se qytetar\u00ebt dhe bizneset jan\u00eb braktisur nga qeveria n\u00eb k\u00ebt\u00eb periudh\u00eb t\u00eb v\u00ebshtir\u00eb, Basha thekson se \u201cN\u00eb 7 vjet [&hellip;]<\/p>\n","protected":false},"author":2013,"featured_media":127057,"comment_status":"open","ping_status":"closed","sticky":false,"template":"","format":"standard","meta":{"footnotes":""},"categories":[241,235],"tags":[],"class_list":{"0":"post-127056","1":"post","2":"type-post","3":"status-publish","4":"format-standard","5":"has-post-thumbnail","7":"category-aktualitet","8":"category-vendi"},"_links":{"self":[{"href":"https:\/\/zjarr.tv\/en\/wp-json\/wp\/v2\/posts\/127056","targetHints":{"allow":["GET"]}}],"collection":[{"href":"https:\/\/zjarr.tv\/en\/wp-json\/wp\/v2\/posts"}],"about":[{"href":"https:\/\/zjarr.tv\/en\/wp-json\/wp\/v2\/types\/post"}],"author":[{"embeddable":true,"href":"https:\/\/zjarr.tv\/en\/wp-json\/wp\/v2\/users\/2013"}],"replies":[{"embeddable":true,"href":"https:\/\/zjarr.tv\/en\/wp-json\/wp\/v2\/comments?post=127056"}],"version-history":[{"count":0,"href":"https:\/\/zjarr.tv\/en\/wp-json\/wp\/v2\/posts\/127056\/revisions"}],"wp:featuredmedia":[{"embeddable":true,"href":"https:\/\/zjarr.tv\/en\/wp-json\/wp\/v2\/media\/127057"}],"wp:attachment":[{"href":"https:\/\/zjarr.tv\/en\/wp-json\/wp\/v2\/media?parent=127056"}],"wp:term":[{"taxonomy":"category","embeddable":true,"href":"https:\/\/zjarr.tv\/en\/wp-json\/wp\/v2\/categories?post=127056"},{"taxonomy":"post_tag","embeddable":true,"href":"https:\/\/zjarr.tv\/en\/wp-json\/wp\/v2\/tags?post=127056"}],"curies":[{"name":"wp","href":"https:\/\/api.w.org\/{rel}","templated":true}]}}