{"id":127060,"date":"2020-06-16T15:01:04","date_gmt":"2020-06-16T13:01:04","guid":{"rendered":"https:\/\/zjarr.tv\/?p=127060"},"modified":"2020-06-16T15:01:04","modified_gmt":"2020-06-16T13:01:04","slug":"kryebashkiaku-veliaj-fiton-gjyqin-me-jorida-tabakun","status":"publish","type":"post","link":"https:\/\/zjarr.tv\/en\/kryebashkiaku-veliaj-fiton-gjyqin-me-jorida-tabakun\/","title":{"rendered":"Kryebashkiaku Veliaj fiton gjyqin me Jorida Tabakun"},"content":{"rendered":"<p>Kryebashkiaku Erion Veliaj fiton gjyqin me ish-deputeten e Partis\u00eb Demokratike, Jorida Tabakun p\u00ebr \u00e7\u00ebshtjen e Unaz\u00ebs s\u00eb Re.<\/p>\n<p>Gjykata e Rrethit Gjyq\u00ebsor Tiran\u00eb e ka shpallur sot Tabakun fajtore p\u00ebr akuz\u00ebn e shpifjes ndaj kryetarit t\u00eb Bashkis\u00eb s\u00eb Tiran\u00ebs, Erion Veliaj.<\/p>\n<p>Gjykata i ka k\u00ebrkuar k\u00ebsaj t\u00eb fundit q\u00eb krahas p\u00ebrg\u00ebnjeshtrimit t\u00eb shpifjeve, t\u00eb paguaj\u00eb edhe nj\u00eb gjob\u00eb prej 500 mij\u00eb lek\u00ebsh, si dhe shpenzimet gjyq\u00ebsore e avokatore.<\/p>\n<p>Veliaj e paditi Tabakun p\u00ebr shpifje, pas deklaratave q\u00eb ish-deputetja demokrate b\u00ebri nga selia e PD-s\u00eb lidhur me \u00e7\u00ebshtjen e Unaz\u00ebs s\u00eb Re, ku ajo kish deklaruar se projekti i Unaz\u00ebs s\u00eb Madhe \u00ebsht\u00eb nj\u00eb projekt korruptiv i Veliajt dhe kryeministrit Rama, duke i akuzuar ata p\u00ebr ndryshimin e planit p\u00ebr p\u00ebrfitime personale.<\/p>\n<p>Pas vendimit ka reaguar edhe vet\u00eb ish-deputetja q\u00eb thot\u00eb se vendimi \u00ebsht\u00eb marrt\u00eb pas presinit politik q\u00eb i b\u00ebhet gjyqtar\u00ebve q\u00eb presin t\u00eb kalojn\u00eb vettingun.<\/p>\n<p>\u201cDit\u00ebn e sotme gjykata e shkall\u00ebs s\u00eb par\u00eb n\u00ebn presionin e nj\u00eb vettingu q\u00eb po b\u00ebhet gjithnj\u00eb e m\u00eb partiak, si\u00e7 edhe Komisioni i Venecias e v\u00ebrtetoi, mori nj\u00eb vendim n\u00eb kund\u00ebrshti me provat dhe faktet q\u00eb tanim\u00eb jan\u00eb bot\u00ebrisht t\u00eb njohura.<\/p>\n<p>Shqiptar\u00ebt jan\u00eb d\u00ebshmitar\u00eb se si plani p\u00ebr Unaz\u00ebn e Re ishte korruptiv q\u00eb n\u00eb gjenez\u00eb dhe gjithashtu q\u00eb qeveria n\u00eb bashk\u00ebpunim me Bashkin\u00eb Tiran\u00eb kan\u00eb ndryshuar planin e kalimit t\u00eb lumit t\u00eb Lan\u00ebs p\u00ebr t\u00eb favorizuar Edmond Begon. K\u00ebto qendrime i kam mbajtur n\u00eb konferenc\u00eb p\u00ebr shtyp duke paraqitur prova bind\u00ebse, sakaq shqiptar\u00ebt kan\u00eb m\u00ebsuar tanim\u00eb edhe p\u00ebr lidhjen e ngusht\u00eb Bego-Balla.<\/p>\n<p>Por sa m\u00eb shum\u00eb e v\u00ebrteta th\u00ebrret n\u00eb vesh\u00ebt e shqiptar\u00ebve aq edhe m\u00eb e madhe \u00ebsht\u00eb t\u00ebrs\u00ebllima q\u00eb qeveria e korruptuar dhe kontrolluar nga Mond Begot imponon n\u00eb sallat e gjykatave. Kush mendon se do t\u00eb t\u00ebrhiqemi nga e v\u00ebrteta duke menduar se na intimidojne me seanca t\u00eb tilla gjyq\u00ebsore gabohet. I qendroj plot\u00ebsisht asaj q\u00eb kam deklaruar pasi prova t\u00eb pakund\u00ebrshtueshme jan\u00eb themeli i akuzave t\u00eb ngritura n\u00eb dy konferencat p\u00ebr shtyp.<\/p>\n<p>Sot banor\u00ebt jan\u00eb flakur nga shtepit\u00eb e tyre dhe i \u00ebsht\u00eb hapur rrug\u00eb ndertim\u00ebve me par\u00e0 t\u00eb krimit e t\u00eb drog\u00ebs si kudo m\u00eb Tiran\u00eb.<\/p>\n<p>Koha do t\u00eb tregoj\u00eb se sa t\u00eb v\u00ebrteta kan\u00eb qen\u00eb vendimet e nj\u00eb gjykate q\u00eb m\u00eb s\u00eb paku iu shmang p\u00ebrgjegj\u00ebsis\u00eb p\u00ebr t\u00eb gjykuar mbi provat dhe jo sipas pushtetit. Ajo q\u00eb m\u00eb g\u00ebzon \u00ebsht\u00eb se dit\u00eb m\u00eb t\u00eb mira do t\u00eb vijn\u00eb p\u00ebr shqiptar\u00ebt dhe dit\u00eb edhe m\u00eb t\u00eb err\u00ebta do t\u00eb jen\u00eb p\u00ebr ato q\u00eb mendojn\u00eb se mund ta blejn\u00eb t\u00eb shkuar\u00ebn dhe t\u00eb ardhmen me pasuri apo miq\u00ebsi.<\/p>\n<p>Asnj\u00eb hap pas p\u00ebr t\u00eb denoncuar e treguar te v\u00ebrtet\u00ebn. Shqiptar\u00ebt meritojn\u00eb te din\u00eb se kush i qeveris dhe se kush jan\u00eb miqt\u00eb e qeveritar\u00ebve me m\u00eb shum\u00eb se nj\u00eb em\u00ebr\u201d,- thot\u00eb ajo.<\/p>","protected":false},"excerpt":{"rendered":"<p>Kryebashkiaku Erion Veliaj fiton gjyqin me ish-deputeten e Partis\u00eb Demokratike, Jorida Tabakun p\u00ebr \u00e7\u00ebshtjen e Unaz\u00ebs s\u00eb Re. Gjykata e Rrethit Gjyq\u00ebsor Tiran\u00eb e ka shpallur sot Tabakun fajtore p\u00ebr akuz\u00ebn e shpifjes ndaj kryetarit t\u00eb Bashkis\u00eb s\u00eb Tiran\u00ebs, Erion Veliaj. Gjykata i ka k\u00ebrkuar k\u00ebsaj t\u00eb fundit q\u00eb krahas p\u00ebrg\u00ebnjeshtrimit t\u00eb shpifjeve, t\u00eb paguaj\u00eb [&hellip;]<\/p>\n","protected":false},"author":2013,"featured_media":0,"comment_status":"open","ping_status":"closed","sticky":false,"template":"","format":"standard","meta":{"footnotes":""},"categories":[241,235],"tags":[],"class_list":{"0":"post-127060","1":"post","2":"type-post","3":"status-publish","4":"format-standard","6":"category-aktualitet","7":"category-vendi"},"_links":{"self":[{"href":"https:\/\/zjarr.tv\/en\/wp-json\/wp\/v2\/posts\/127060","targetHints":{"allow":["GET"]}}],"collection":[{"href":"https:\/\/zjarr.tv\/en\/wp-json\/wp\/v2\/posts"}],"about":[{"href":"https:\/\/zjarr.tv\/en\/wp-json\/wp\/v2\/types\/post"}],"author":[{"embeddable":true,"href":"https:\/\/zjarr.tv\/en\/wp-json\/wp\/v2\/users\/2013"}],"replies":[{"embeddable":true,"href":"https:\/\/zjarr.tv\/en\/wp-json\/wp\/v2\/comments?post=127060"}],"version-history":[{"count":0,"href":"https:\/\/zjarr.tv\/en\/wp-json\/wp\/v2\/posts\/127060\/revisions"}],"wp:attachment":[{"href":"https:\/\/zjarr.tv\/en\/wp-json\/wp\/v2\/media?parent=127060"}],"wp:term":[{"taxonomy":"category","embeddable":true,"href":"https:\/\/zjarr.tv\/en\/wp-json\/wp\/v2\/categories?post=127060"},{"taxonomy":"post_tag","embeddable":true,"href":"https:\/\/zjarr.tv\/en\/wp-json\/wp\/v2\/tags?post=127060"}],"curies":[{"name":"wp","href":"https:\/\/api.w.org\/{rel}","templated":true}]}}