{"id":127066,"date":"2020-06-16T16:05:28","date_gmt":"2020-06-16T14:05:28","guid":{"rendered":"https:\/\/zjarr.tv\/?p=127066"},"modified":"2020-06-16T16:05:28","modified_gmt":"2020-06-16T14:05:28","slug":"rritja-e-kurbes-se-covid-19-rama-ndalon-grumbullimet-politike","status":"publish","type":"post","link":"https:\/\/zjarr.tv\/en\/rritja-e-kurbes-se-covid-19-rama-ndalon-grumbullimet-politike\/","title":{"rendered":"Rritja e kurb\u00ebs s\u00eb COVID-19, Rama ndalon grumbullimet politike"},"content":{"rendered":"<p>Kryeministri Edi Rama ndodhet n\u00eb nj\u00eb komunikim live p\u00ebr situat\u00ebn e koronavirusit.<\/p>\n<p>Rama shpreh shqet\u00ebsimin p\u00ebr rritjen e numrave t\u00eb infektuarve dhe e sheh si opsion t\u00eb fundit rimbylljen<\/p>\n<p><em>&#8220;Nuk do t\u00eb lejojm\u00eb m\u00eb asnj\u00eb lloj grumbullimi qoft\u00eb dhe politik. U them t\u00eb gjith\u00ebve vazhdoni pun\u00ebn, liria e l\u00ebvizjes \u00ebsht\u00eb e garantuar, por grumbullime m\u00eb shum\u00eb se numri I personave t\u00eb lejuar nga protokollet e siguris\u00eb nuk do t\u00eb lejohen m\u00eb. Policia e shtetit do t\u00eb b\u00ebj\u00eb detyr\u00ebn, pa b\u00ebr\u00eb asnj\u00eb dallim.&#8221;<\/em><\/p>","protected":false},"excerpt":{"rendered":"<p>Kryeministri Edi Rama ndodhet n\u00eb nj\u00eb komunikim live p\u00ebr situat\u00ebn e koronavirusit. Rama shpreh shqet\u00ebsimin p\u00ebr rritjen e numrave t\u00eb infektuarve dhe e sheh si opsion t\u00eb fundit rimbylljen &#8220;Nuk do t\u00eb lejojm\u00eb m\u00eb asnj\u00eb lloj grumbullimi qoft\u00eb dhe politik. U them t\u00eb gjith\u00ebve vazhdoni pun\u00ebn, liria e l\u00ebvizjes \u00ebsht\u00eb e garantuar, por grumbullime m\u00eb [&hellip;]<\/p>\n","protected":false},"author":2013,"featured_media":127067,"comment_status":"open","ping_status":"closed","sticky":false,"template":"","format":"standard","meta":{"footnotes":""},"categories":[241,235],"tags":[],"class_list":{"0":"post-127066","1":"post","2":"type-post","3":"status-publish","4":"format-standard","5":"has-post-thumbnail","7":"category-aktualitet","8":"category-vendi"},"_links":{"self":[{"href":"https:\/\/zjarr.tv\/en\/wp-json\/wp\/v2\/posts\/127066","targetHints":{"allow":["GET"]}}],"collection":[{"href":"https:\/\/zjarr.tv\/en\/wp-json\/wp\/v2\/posts"}],"about":[{"href":"https:\/\/zjarr.tv\/en\/wp-json\/wp\/v2\/types\/post"}],"author":[{"embeddable":true,"href":"https:\/\/zjarr.tv\/en\/wp-json\/wp\/v2\/users\/2013"}],"replies":[{"embeddable":true,"href":"https:\/\/zjarr.tv\/en\/wp-json\/wp\/v2\/comments?post=127066"}],"version-history":[{"count":0,"href":"https:\/\/zjarr.tv\/en\/wp-json\/wp\/v2\/posts\/127066\/revisions"}],"wp:featuredmedia":[{"embeddable":true,"href":"https:\/\/zjarr.tv\/en\/wp-json\/wp\/v2\/media\/127067"}],"wp:attachment":[{"href":"https:\/\/zjarr.tv\/en\/wp-json\/wp\/v2\/media?parent=127066"}],"wp:term":[{"taxonomy":"category","embeddable":true,"href":"https:\/\/zjarr.tv\/en\/wp-json\/wp\/v2\/categories?post=127066"},{"taxonomy":"post_tag","embeddable":true,"href":"https:\/\/zjarr.tv\/en\/wp-json\/wp\/v2\/tags?post=127066"}],"curies":[{"name":"wp","href":"https:\/\/api.w.org\/{rel}","templated":true}]}}