{"id":127401,"date":"2020-06-26T14:53:38","date_gmt":"2020-06-26T12:53:38","guid":{"rendered":"https:\/\/zjarr.tv\/?p=127401"},"modified":"2020-06-26T14:53:57","modified_gmt":"2020-06-26T12:53:57","slug":"saimir-tahiri-nuk-kam-bere-asnje-faj","status":"publish","type":"post","link":"https:\/\/zjarr.tv\/en\/saimir-tahiri-nuk-kam-bere-asnje-faj\/","title":{"rendered":"Saimir Tahiri:  Nuk kam b\u00ebr\u00eb asnj\u00eb faj"},"content":{"rendered":"<p>Saimir Tahiri nuk e ka pritur p\u00ebr rikthimin e \u00e7\u00ebshtjen s\u00eb tij dhe e ka cil\u00ebsuar si nj\u00eb zvarritje.Pas vendimit p\u00ebr ta rikthyer \u00e7\u00ebshtjen e tij p\u00ebr rigjykim, ish-ministri Tahiri tha para gazetar\u00ebve se kjo \u00ebsht\u00eb nj\u00eb kthes\u00eb n\u00eb pik\u00ebn zero.Ai shtoi se ka b\u00ebr\u00eb gabime dhe ka kusuret e tij n\u00eb politik\u00eb, por, sipas tij, nuk ka b\u00ebr\u00eb asnj\u00eb faj.<\/p>\n<p><strong>Tahiri:\u00a0<\/strong><em>Nuk e prisja k\u00ebt\u00eb vendim. Mendova se pas 3 vitesh do t\u00eb merrte nj\u00eb drejtim. Rikthimi n\u00eb pik\u00ebn zero \u00ebsht\u00eb nj\u00eb padrejt\u00ebsi. M\u00eb vjen keq q\u00eb zvarritem k\u00ebshtu gjykatave, duke pasur parasysh edhe pun\u00ebn time si minist\u00ebr. \u00cbsht\u00eb e pakuptueshme p\u00ebr mua kjo histori q\u00eb vazhdon p\u00ebr tre vite.<\/em><em>Do t\u2019i shkoj\u00eb deri n\u00eb fund me drejt\u00ebsin\u00eb k\u00ebsaj \u00e7\u00ebshtjeje. Beteja fillon nga e para. Gjykata e Lart\u00eb nuk ekziston. Nuk mund ta flas para se ta shoh vendimin. M\u00eb duket e qart\u00eb se zvarritja \u00ebsht\u00eb padrejt\u00ebsi. N\u00eb politik\u00eb kam qen\u00eb shum\u00eb i hapur dhe shum\u00eb i drejtp\u00ebrdrejt\u00eb, dhe nuk kam b\u00ebr\u00eb asnj\u00eb kompromis, me ask\u00ebnd n\u00eb kurriz t\u00eb asaj q\u00eb kam besuar. N\u00ebse kjo po m\u00eb kthehet pas, at\u00ebher\u00eb un\u00eb s\u00ebrish n\u00eb k\u00ebmb\u00eb do t\u00eb jem.\u00a0 <\/em><em>Kam luftuar, padyshim q\u00eb kam b\u00ebr\u00eb gabime. U jap t\u00eb drejt\u00eb atyre q\u00eb m\u00eb paragjykojn\u00eb dhe thon\u00eb pse nuk futet n\u00eb burg ky dhe futet ai q\u00eb nd\u00ebrton pa leje. Kam kusuret e mia n\u00eb politik\u00eb pas asnj\u00eb hesap, por kurr\u00eb nuk kam b\u00ebr\u00eb faj. E kam ndjekur k\u00ebt\u00eb proces me korrektes\u00ebn m\u00eb t\u00eb madhe, duke ikur edhe si deputet, p\u00ebr t\u2019u p\u00ebrballur si qytetar, jo si ata vemjet q\u00eb jan\u00eb p\u00ebrballur me pushtet. Mua m\u00eb mbajn\u00eb k\u00ebmb\u00ebt e mia.\u00a0<\/em><em>Nuk m\u00eb shkon nd\u00ebr mend q\u00eb t\u2019i shkoj me gjykim t\u00eb shkurtuar k\u00ebtij procesi. Jam i dedikuar n\u00eb k\u00ebt\u00eb proces, pasi \u00ebsht\u00eb jeta ime. Pa asnj\u00eb diskutim do t\u00eb gjej nj\u00eb m\u00ebnyr\u00eb q\u00eb t\u00eb p\u00ebrballem. Mua n\u00eb k\u00ebmb\u00eb m\u00eb mbajn\u00eb k\u00ebmb\u00ebt e mia dhe l\u00ebkur\u00ebn e kam mbi supet e mia.<\/em><em>Un\u00eb kam luftuar m\u00eb shum\u00eb se gjith\u00eb ata t\u00eb tjer\u00ebt n\u00eb raport me kanabisin. E vetmja gj\u00eb q\u00eb i kam v\u00ebn\u00eb n\u00eb pik\u00ebpyetje vetes, \u00ebsht\u00eb a duhet t\u00eb ishim aq transparent sa duhet me rezultatet e asaj q\u00eb b\u00ebnim deri te \u00e7do bim\u00eb, apo t\u2019i fshihnim dhe ju nuk do t\u00eb merrnit vesh asgj\u00eb dhe p\u00ebr rrjedhoj\u00eb nuk do t\u00eb kishte as debat.\u00a0<\/em><em>Un\u00eb zgjodha t\u00eb thoja t\u00eb v\u00ebrtet\u00ebn publikut dhe Shqip\u00ebris\u00eb. Kjo ishte shifra jon\u00eb. Do t\u00eb ket\u00eb edhe nj\u00eb koh\u00eb q\u00eb do t\u00eb flas edhe politikisht, nd\u00ebrsa tani po flas p\u00ebr pun\u00ebn q\u00eb kam b\u00ebr\u00eb. \u00a0<\/em><\/p>","protected":false},"excerpt":{"rendered":"<p>Saimir Tahiri nuk e ka pritur p\u00ebr rikthimin e \u00e7\u00ebshtjen s\u00eb tij dhe e ka cil\u00ebsuar si nj\u00eb zvarritje.Pas vendimit p\u00ebr ta rikthyer \u00e7\u00ebshtjen e tij p\u00ebr rigjykim, ish-ministri Tahiri tha para gazetar\u00ebve se kjo \u00ebsht\u00eb nj\u00eb kthes\u00eb n\u00eb pik\u00ebn zero.Ai shtoi se ka b\u00ebr\u00eb gabime dhe ka kusuret e tij n\u00eb politik\u00eb, por, sipas [&hellip;]<\/p>\n","protected":false},"author":2020,"featured_media":68185,"comment_status":"open","ping_status":"closed","sticky":false,"template":"","format":"standard","meta":{"footnotes":""},"categories":[1],"tags":[],"class_list":{"0":"post-127401","1":"post","2":"type-post","3":"status-publish","4":"format-standard","5":"has-post-thumbnail","7":"category-uncategorized-sq"},"_links":{"self":[{"href":"https:\/\/zjarr.tv\/en\/wp-json\/wp\/v2\/posts\/127401","targetHints":{"allow":["GET"]}}],"collection":[{"href":"https:\/\/zjarr.tv\/en\/wp-json\/wp\/v2\/posts"}],"about":[{"href":"https:\/\/zjarr.tv\/en\/wp-json\/wp\/v2\/types\/post"}],"author":[{"embeddable":true,"href":"https:\/\/zjarr.tv\/en\/wp-json\/wp\/v2\/users\/2020"}],"replies":[{"embeddable":true,"href":"https:\/\/zjarr.tv\/en\/wp-json\/wp\/v2\/comments?post=127401"}],"version-history":[{"count":0,"href":"https:\/\/zjarr.tv\/en\/wp-json\/wp\/v2\/posts\/127401\/revisions"}],"wp:featuredmedia":[{"embeddable":true,"href":"https:\/\/zjarr.tv\/en\/wp-json\/wp\/v2\/media\/68185"}],"wp:attachment":[{"href":"https:\/\/zjarr.tv\/en\/wp-json\/wp\/v2\/media?parent=127401"}],"wp:term":[{"taxonomy":"category","embeddable":true,"href":"https:\/\/zjarr.tv\/en\/wp-json\/wp\/v2\/categories?post=127401"},{"taxonomy":"post_tag","embeddable":true,"href":"https:\/\/zjarr.tv\/en\/wp-json\/wp\/v2\/tags?post=127401"}],"curies":[{"name":"wp","href":"https:\/\/api.w.org\/{rel}","templated":true}]}}