{"id":127403,"date":"2020-06-26T14:58:31","date_gmt":"2020-06-26T12:58:31","guid":{"rendered":"https:\/\/zjarr.tv\/?p=127403"},"modified":"2020-06-26T14:58:10","modified_gmt":"2020-06-26T12:58:10","slug":"maqedonia-e-veriut-hap-kufirin-me-shqiperine","status":"publish","type":"post","link":"https:\/\/zjarr.tv\/en\/maqedonia-e-veriut-hap-kufirin-me-shqiperine\/","title":{"rendered":"Maqedonia e Veriut hap kufirin me Shqip\u00ebrin\u00eb"},"content":{"rendered":"<p><em>Hapja e kufijve pa kushte nga Maqedonia e Veriut ka rikthyer l\u00ebvizjen e lir\u00eb me Shqip\u00ebrin\u00eb, duke hequr kushtet p\u00ebr test anti-kovid ose karantinim t\u00eb detyruar. Efekti u ndje q\u00eb n\u00eb dit\u00ebn e par\u00eb kur qarkullimi mes dy vendeve u gjall\u00ebrua.\u00a0<\/em>Mes Shqip\u00ebris\u00eb e Maqedonis\u00eb s\u00eb Veriut \u00ebsht\u00eb rikthyer l\u00ebvizja e lir\u00eb, pas heqjes s\u00eb testit anti-kovid dhe karantinimit t\u00eb detyruar si kushte p\u00ebr t\u00eb kaluar kufirinEfekti n\u00eb kufi ishte i menj\u00ebhersh\u00ebm. Qarkullimi mes dy vendeve u gjall\u00ebrua pas gati 4 muajve bllokim.M\u00eb t\u00eb shumt\u00eb ishin n\u00eb hyrje drejt Shqip\u00ebris\u00eb.Kryesisht banor\u00eb t\u00eb trevave t\u00eb banuara nga shqiptar\u00ebt q\u00eb vinin p\u00ebr pushime apo \u00e7\u00ebshtje pun\u00eb.<em>\u201cNuk k\u00ebrkojn\u00eb asnj\u00eb lloj kushti.\u201d\u00a0<\/em>N\u00eb hyrje pala shqiptare u mat temperatur\u00ebn, por nuk pati raportime p\u00ebr raste t\u00eb dyshuara me koronavirus.Nd\u00ebrsa p\u00ebr t\u00eb p\u00ebrballuar fluksin e shtuar, n\u00eb Qaf\u00eb Than\u00eb punohet me tre sportele t\u00eb dalje e tre n\u00eb hyrje. Udh\u00ebtar\u00ebt se asnj\u00eb nga pal\u00ebt nuk u krijoi probleme n\u00eb l\u00ebvizje.<em>\u201c\u00cbsht\u00eb normale sikurse m\u00eb par\u00eb.\u201d\u00a0<\/em>Maqedonia e Veriut \u00ebsht\u00eb vendi i dyt\u00eb n\u00eb rajon q\u00eb lejon l\u00ebvizjen e lir\u00eb m\u00eb Shqip\u00ebrin\u00eb krahas Kosov\u00ebs, nd\u00ebrsa Mali i Zi dhe Greqia mbajn\u00eb n\u00eb fuqi ende masat kufizuese.<\/p>","protected":false},"excerpt":{"rendered":"<p>Hapja e kufijve pa kushte nga Maqedonia e Veriut ka rikthyer l\u00ebvizjen e lir\u00eb me Shqip\u00ebrin\u00eb, duke hequr kushtet p\u00ebr test anti-kovid ose karantinim t\u00eb detyruar. Efekti u ndje q\u00eb n\u00eb dit\u00ebn e par\u00eb kur qarkullimi mes dy vendeve u gjall\u00ebrua.\u00a0Mes Shqip\u00ebris\u00eb e Maqedonis\u00eb s\u00eb Veriut \u00ebsht\u00eb rikthyer l\u00ebvizja e lir\u00eb, pas heqjes s\u00eb testit [&hellip;]<\/p>\n","protected":false},"author":2020,"featured_media":0,"comment_status":"open","ping_status":"closed","sticky":false,"template":"","format":"standard","meta":{"footnotes":""},"categories":[241,231,2],"tags":[],"class_list":{"0":"post-127403","1":"post","2":"type-post","3":"status-publish","4":"format-standard","6":"category-aktualitet","7":"category-lajme","8":"category-rajoni"},"_links":{"self":[{"href":"https:\/\/zjarr.tv\/en\/wp-json\/wp\/v2\/posts\/127403","targetHints":{"allow":["GET"]}}],"collection":[{"href":"https:\/\/zjarr.tv\/en\/wp-json\/wp\/v2\/posts"}],"about":[{"href":"https:\/\/zjarr.tv\/en\/wp-json\/wp\/v2\/types\/post"}],"author":[{"embeddable":true,"href":"https:\/\/zjarr.tv\/en\/wp-json\/wp\/v2\/users\/2020"}],"replies":[{"embeddable":true,"href":"https:\/\/zjarr.tv\/en\/wp-json\/wp\/v2\/comments?post=127403"}],"version-history":[{"count":0,"href":"https:\/\/zjarr.tv\/en\/wp-json\/wp\/v2\/posts\/127403\/revisions"}],"wp:attachment":[{"href":"https:\/\/zjarr.tv\/en\/wp-json\/wp\/v2\/media?parent=127403"}],"wp:term":[{"taxonomy":"category","embeddable":true,"href":"https:\/\/zjarr.tv\/en\/wp-json\/wp\/v2\/categories?post=127403"},{"taxonomy":"post_tag","embeddable":true,"href":"https:\/\/zjarr.tv\/en\/wp-json\/wp\/v2\/tags?post=127403"}],"curies":[{"name":"wp","href":"https:\/\/api.w.org\/{rel}","templated":true}]}}