{"id":127411,"date":"2020-06-26T15:05:26","date_gmt":"2020-06-26T13:05:26","guid":{"rendered":"https:\/\/zjarr.tv\/?p=127411"},"modified":"2020-06-26T15:05:25","modified_gmt":"2020-06-26T13:05:25","slug":"komisioni-evropian-te-rifilloje-dialogu-kosove-serbi-ne-zyrat-e-brukselit","status":"publish","type":"post","link":"https:\/\/zjarr.tv\/en\/komisioni-evropian-te-rifilloje-dialogu-kosove-serbi-ne-zyrat-e-brukselit\/","title":{"rendered":"Komisioni Evropian: T\u00eb rifilloj\u00eb dialogu Kosov\u00eb-Serbi n\u00eb zyrat e Brukselit"},"content":{"rendered":"<p>Komisioni Evropian ka shprehur mb\u00ebshtetje p\u00ebr rifillimin e dialogut midis Prishtin\u00ebs dhe Beogradit n\u00eb zyrat e Brukselit, pak dit\u00eb pas shtyrjes s\u00eb papritur t\u00eb takimit mes pal\u00ebve n\u00eb Uashington.Gjat\u00eb nj\u00eb vizite zyrtare n\u00eb selin\u00eb e BE-s\u00eb, presidenti serb Aleksand\u00ebr Vu\u00e7i\u00e7 mundi t\u00eb premten t\u00eb shk\u00ebmbej\u00eb biseda p\u00ebr \u00e7\u00ebshtjet fqinj\u00ebsore dhe ato t\u00eb integrimit t\u00eb Serbis\u00eb me shefen e ekzekutivit evropian, Ursula fon Der Lajen dhe me zyrtar\u00eb e nd\u00ebrmjet\u00ebsues t\u00eb dialogut dypal\u00ebsh.<em>&#8220;Dialogu me t\u00eb gjitha forcat politike \u00ebsht\u00eb ky\u00e7 p\u00ebr avancimin e reformave q\u00eb do e afrojn\u00eb Serbin\u00eb me BE-n\u00eb. Dialogu me Kosov\u00ebn \u00ebsht\u00eb thelb\u00ebsor,&#8221;<\/em>\u00a0&#8211; shkroi n\u00eb Twitter zyrtarja gjermane, fon Der Lajen, mesazh i cili u p\u00ebrs\u00ebrit edhe nga komisioneri p\u00ebr Zgjerimin, Oliver Varhei.Takimet e Vu\u00e7i\u00e7it n\u00eb Bruksel pasojn\u00eb ato t\u00eb dit\u00ebs s\u00eb enjte t\u00eb kryeministrit kosovar, Avdullah Hoti.Pas konsultimit me Hotin, edhe presidenti i K\u00ebshillit Evropian, Sharl Mishel, n\u00ebnvizoi nevoj\u00ebn e normalizimit t\u00eb raporteve Kosov\u00eb-Serbi pas gati dy viteve pezull p\u00ebr shkak t\u00eb tarifave.<em>&#8220;Em\u00ebrimi i fundit i ambasadorit, Mirosllav Laj\u00e7ak si P\u00ebrfaq\u00ebsues i Posa\u00e7\u00ebm i BE-s\u00eb p\u00ebr dialogun Beograd-Prishtin\u00eb, ilustron fokusin e BE-s\u00eb n\u00eb k\u00ebt\u00eb dialog, vazhdimi i t\u00eb cilit \u00ebsht\u00eb parapar\u00eb t\u00eb ndodh\u00eb n\u00eb muajin korrik n\u00eb Bruksel,&#8221;<\/em>\u00a0&#8211; informoi presidenti Mishel pas takimit.Presidenti i Kosov\u00ebs, Hashim Tha\u00e7i, po ashtu ka paralajm\u00ebruar se n\u00eb jav\u00ebn e tret\u00eb t\u00eb korrikut mund t\u00eb mbahet nj\u00eb samit dypal\u00ebsh n\u00eb Franc\u00eb.Samiti do t\u00eb thellonte pajtimin q\u00eb pal\u00ebt tentuan t\u00eb arrinin m\u00eb 27 qershor n\u00eb Sht\u00ebpin\u00eb e Bardh\u00eb, por aktakuza p\u00ebr krime lufte n\u00eb koh\u00ebn e U\u00c7K-s\u00eb t\u00eb ngritura nga Prokuroria Speciale n\u00eb Hag\u00eb kund\u00ebr presidentit Tha\u00e7i dhe ish-kryeparlamentarit Kadri Veseli, shtyn\u00eb Prishtin\u00ebn ta anuloj\u00eb mbledhjen.Nga Brukseli, kreu i shtetit serb e komentoi p\u00ebr her\u00eb t\u00eb par\u00eb situat\u00ebn.<em>\u201cE dim\u00eb q\u00eb kan\u00eb ndodhur krime t\u00eb tmerrshme. N\u00eb \u00e7do gj\u00eb tjet\u00ebr, duhet t\u00eb tregohemi t\u00eb p\u00ebrmbajtur, pasi k\u00ebshtu mbrojm\u00eb popullin serb n\u00eb Kosov\u00eb nga \u00e7do rast dhune, incidenti dhe sulmi,\u201d<\/em> &#8211; u shpreh Vu\u00e7i\u00e7. M\u00eb her\u00ebt gjat\u00eb dit\u00ebs, kreu i shtetit postoi s\u00ebrish n\u00eb rrjetet sociale stem\u00ebn e Ushtris\u00eb \u00c7lirimtare t\u00eb Kosov\u00ebs me mbishkrimin\u00a0<em>&#8220;askush nuk mund ta rishkruaj\u00eb historin\u00eb e Kosov\u00ebs&#8221;.<\/em>Me t\u00eb mb\u00ebrritur t\u00eb premten n\u00eb aeroportin e Tiran\u00ebs pas udh\u00ebtimit t\u00eb nd\u00ebrprer\u00eb drejt Uashingtonit, Tha\u00e7i njoftoi se t\u00eb diel\u00ebn mbr\u00ebma do t\u00eb jap\u00eb gjykimin e tij p\u00ebr aktakuz\u00ebn.<\/p>","protected":false},"excerpt":{"rendered":"<p>Komisioni Evropian ka shprehur mb\u00ebshtetje p\u00ebr rifillimin e dialogut midis Prishtin\u00ebs dhe Beogradit n\u00eb zyrat e Brukselit, pak dit\u00eb pas shtyrjes s\u00eb papritur t\u00eb takimit mes pal\u00ebve n\u00eb Uashington.Gjat\u00eb nj\u00eb vizite zyrtare n\u00eb selin\u00eb e BE-s\u00eb, presidenti serb Aleksand\u00ebr Vu\u00e7i\u00e7 mundi t\u00eb premten t\u00eb shk\u00ebmbej\u00eb biseda p\u00ebr \u00e7\u00ebshtjet fqinj\u00ebsore dhe ato t\u00eb integrimit t\u00eb Serbis\u00eb [&hellip;]<\/p>\n","protected":false},"author":2020,"featured_media":87378,"comment_status":"open","ping_status":"closed","sticky":false,"template":"","format":"standard","meta":{"footnotes":""},"categories":[1],"tags":[],"class_list":{"0":"post-127411","1":"post","2":"type-post","3":"status-publish","4":"format-standard","5":"has-post-thumbnail","7":"category-uncategorized-sq"},"_links":{"self":[{"href":"https:\/\/zjarr.tv\/en\/wp-json\/wp\/v2\/posts\/127411","targetHints":{"allow":["GET"]}}],"collection":[{"href":"https:\/\/zjarr.tv\/en\/wp-json\/wp\/v2\/posts"}],"about":[{"href":"https:\/\/zjarr.tv\/en\/wp-json\/wp\/v2\/types\/post"}],"author":[{"embeddable":true,"href":"https:\/\/zjarr.tv\/en\/wp-json\/wp\/v2\/users\/2020"}],"replies":[{"embeddable":true,"href":"https:\/\/zjarr.tv\/en\/wp-json\/wp\/v2\/comments?post=127411"}],"version-history":[{"count":0,"href":"https:\/\/zjarr.tv\/en\/wp-json\/wp\/v2\/posts\/127411\/revisions"}],"wp:featuredmedia":[{"embeddable":true,"href":"https:\/\/zjarr.tv\/en\/wp-json\/wp\/v2\/media\/87378"}],"wp:attachment":[{"href":"https:\/\/zjarr.tv\/en\/wp-json\/wp\/v2\/media?parent=127411"}],"wp:term":[{"taxonomy":"category","embeddable":true,"href":"https:\/\/zjarr.tv\/en\/wp-json\/wp\/v2\/categories?post=127411"},{"taxonomy":"post_tag","embeddable":true,"href":"https:\/\/zjarr.tv\/en\/wp-json\/wp\/v2\/tags?post=127411"}],"curies":[{"name":"wp","href":"https:\/\/api.w.org\/{rel}","templated":true}]}}