{"id":127444,"date":"2020-06-27T15:36:37","date_gmt":"2020-06-27T13:36:37","guid":{"rendered":"https:\/\/zjarr.tv\/?p=127444"},"modified":"2020-06-27T14:44:04","modified_gmt":"2020-06-27T12:44:04","slug":"manastirliu-hapen-28-qendrat-shendetesore-verore","status":"publish","type":"post","link":"https:\/\/zjarr.tv\/en\/manastirliu-hapen-28-qendrat-shendetesore-verore\/","title":{"rendered":"Manastirliu: Hapen 28 qendrat sh\u00ebndet\u00ebsore verore"},"content":{"rendered":"<p>Ministrja e Sh\u00ebndet\u00ebsis\u00eb dhe Mbrojtjes Sociale, Ogerta Manastirliu, ka inspektuar qendr\u00ebn sh\u00ebndet\u00ebsore verore Currila, n\u00eb Durr\u00ebs, e hapur enkas p\u00ebr sezonin turistik, ku ka b\u00ebr\u00eb t\u00eb ditur hapjen e 28 qendrave sh\u00ebndet\u00ebsore verore n\u00eb pikat turistike bregdetare dhe malore n\u00eb t\u00eb gjith\u00eb vendin, me sh\u00ebrbim 24\/7 p\u00ebr pushuesit.\u201cKemi hapur si \u00e7do vit n\u00eb 15 Qershor 28 qendra sh\u00ebndet\u00ebsore verore, p\u00ebr t\u00eb qen\u00eb af\u00ebr \u00e7do qytetari dhe pushuesi q\u00eb ka nevoj\u00eb p\u00ebr ndihm\u00eb mjek\u00ebsore gjat\u00eb periudh\u00ebs s\u00eb pushimeve gjat\u00eb gjith\u00eb bregdetit por edhe n\u00eb zonat malore jan\u00eb vendosur k\u00ebto qendra sh\u00ebndet\u00ebsore, t\u00eb cilat jan\u00eb 24 or\u00ebshe n\u00eb sh\u00ebrbim t\u00eb qytetar\u00ebve\u201d, tha Manastirliu.<br \/>\nNisur nga situata e epidemis\u00eb, Ministrja Manastirliu tha se 160 mjek\u00ebt dhe infermier\u00ebt q\u00eb do t\u00eb sh\u00ebrbejn\u00eb n\u00eb k\u00ebto qendra veore jan\u00eb trajnuar p\u00ebr t\u00eb identifikuar dhe referuar pacient\u00eb t\u00eb prekur nga COVID-19. \u201cNj\u00eb pik\u00eb e r\u00ebnd\u00ebsishme p\u00ebr k\u00ebt\u00eb vit ka qen\u00eb edhe trajnimi i stafit mjek\u00ebsor sa i p\u00ebrket pacient\u00ebve q\u00eb mund t\u00eb shfaqen t\u00eb dyshuar apo potencial me COVID-19 p\u00ebrgjat\u00eb pun\u00ebs s\u00eb tyre n\u00eb qendrat sh\u00ebndet\u00ebsore 24 or\u00ebshe. Ky trajnim \u00ebsht\u00eb kryer nga Qendra e Urgjenc\u00ebs Komb\u00ebtare p\u00ebr t\u00eb gjith\u00eb 160 mjek\u00ebt dhe infermier\u00ebt t\u00eb cil\u00ebt punojn\u00eb n\u00eb qendrat sh\u00ebndet\u00ebsore verore\u201d, u shpreh Ministrja e Sh\u00ebndet\u00ebsis\u00eb.Ministrja Manastirliu ka theksuar se nuk duhet ulur vigjilenca p\u00ebr rastet potenciale me COVID-19.\u201cPuna do t\u00eb vijoj\u00eb p\u00ebrgjat\u00eb gjith\u00eb sezonit turistik por duke patur n\u00eb v\u00ebmendje gjithashtu edhe rastet potenciale q\u00eb mund t\u00eb jen\u00eb me COVID-19 n\u00eb k\u00ebto qendra dhe stafi do t\u00eb sinjalizoj\u00eb menj\u00ebher\u00eb strukturat tona sipas zonave dhe qarqeve ku ato jan\u00eb vendosur, gjithashtu edhe Qendr\u00ebn Komb\u00ebtare t\u00eb Urgjenc\u00ebs Mjek\u00ebsore e cila \u00ebsht\u00eb e angazhuar 24\/7 n\u00eb gatishm\u00ebri p\u00ebr \u00e7do rast t\u00eb referuar dhe dyshuar me COVID-19\u201d, tha Manastirliu.28 qendrat sh\u00ebndet\u00ebsore verore dhe 14 postacionet e autoambulancave do t\u00eb koordinohen nga Qendra Komb\u00ebtare e Urgjenc\u00ebs Mjek\u00ebsore.Qendrat sh\u00ebndet\u00ebsore verore jan\u00eb: Raz\u00ebm, Valbon\u00eb, Tamar\u00eb, Theth, Plazhi Currila, Gjiri i Lalzit, Dar\u00ebzes, Zv\u00ebrnec, Qeparo, Pogradec, Rrjoll, Tale, Velipoj\u00eb, Sh\u00ebngjin, Durr\u00ebs, Shk\u00ebmbi Kavaj\u00ebs, Golem, Mali i Robit, Divjak\u00eb, Plazhi i Vjet\u00ebr Vlor\u00eb, Radhim\u00eb, Dh\u00ebrmi, Drimadhes, Himar\u00eb, Orikum, Ksamil 1, Ksamil 2, Borsh, ku sh\u00ebrbimi sh\u00ebndet\u00ebsor do t\u00eb funksionoj\u00eb 24\/7 n\u00eb periudh\u00ebn 15 Qershor\u2014 31 Gusht 2020.<\/p>","protected":false},"excerpt":{"rendered":"<p>Ministrja e Sh\u00ebndet\u00ebsis\u00eb dhe Mbrojtjes Sociale, Ogerta Manastirliu, ka inspektuar qendr\u00ebn sh\u00ebndet\u00ebsore verore Currila, n\u00eb Durr\u00ebs, e hapur enkas p\u00ebr sezonin turistik, ku ka b\u00ebr\u00eb t\u00eb ditur hapjen e 28 qendrave sh\u00ebndet\u00ebsore verore n\u00eb pikat turistike bregdetare dhe malore n\u00eb t\u00eb gjith\u00eb vendin, me sh\u00ebrbim 24\/7 p\u00ebr pushuesit.\u201cKemi hapur si \u00e7do vit n\u00eb 15 Qershor [&hellip;]<\/p>\n","protected":false},"author":2020,"featured_media":126040,"comment_status":"open","ping_status":"closed","sticky":false,"template":"","format":"standard","meta":{"footnotes":""},"categories":[241,235],"tags":[],"class_list":{"0":"post-127444","1":"post","2":"type-post","3":"status-publish","4":"format-standard","5":"has-post-thumbnail","7":"category-aktualitet","8":"category-vendi"},"_links":{"self":[{"href":"https:\/\/zjarr.tv\/en\/wp-json\/wp\/v2\/posts\/127444","targetHints":{"allow":["GET"]}}],"collection":[{"href":"https:\/\/zjarr.tv\/en\/wp-json\/wp\/v2\/posts"}],"about":[{"href":"https:\/\/zjarr.tv\/en\/wp-json\/wp\/v2\/types\/post"}],"author":[{"embeddable":true,"href":"https:\/\/zjarr.tv\/en\/wp-json\/wp\/v2\/users\/2020"}],"replies":[{"embeddable":true,"href":"https:\/\/zjarr.tv\/en\/wp-json\/wp\/v2\/comments?post=127444"}],"version-history":[{"count":0,"href":"https:\/\/zjarr.tv\/en\/wp-json\/wp\/v2\/posts\/127444\/revisions"}],"wp:featuredmedia":[{"embeddable":true,"href":"https:\/\/zjarr.tv\/en\/wp-json\/wp\/v2\/media\/126040"}],"wp:attachment":[{"href":"https:\/\/zjarr.tv\/en\/wp-json\/wp\/v2\/media?parent=127444"}],"wp:term":[{"taxonomy":"category","embeddable":true,"href":"https:\/\/zjarr.tv\/en\/wp-json\/wp\/v2\/categories?post=127444"},{"taxonomy":"post_tag","embeddable":true,"href":"https:\/\/zjarr.tv\/en\/wp-json\/wp\/v2\/tags?post=127444"}],"curies":[{"name":"wp","href":"https:\/\/api.w.org\/{rel}","templated":true}]}}