{"id":127446,"date":"2020-06-27T16:00:26","date_gmt":"2020-06-27T14:00:26","guid":{"rendered":"https:\/\/zjarr.tv\/?p=127446"},"modified":"2020-06-27T14:49:34","modified_gmt":"2020-06-27T12:49:34","slug":"meta-vlereson-me-titullin-mjeshter-i-madh-talentin-e-muzikes-gjovalin-lazri","status":"publish","type":"post","link":"https:\/\/zjarr.tv\/en\/meta-vlereson-me-titullin-mjeshter-i-madh-talentin-e-muzikes-gjovalin-lazri\/","title":{"rendered":"Meta vler\u00ebson me titullin \u201cMjesht\u00ebr i Madh\u201d talentin e muzik\u00ebs, Gjovalin Lazri"},"content":{"rendered":"<p>Presidenti Ilir Meta ka vler\u00ebsuar me titullin e lart\u00eb \u201cMjesht\u00ebr i Madh\u201d talentin e muzik\u00ebs, Gjovalin Lazri.\u00a0Meta shkruan n\u00eb \u2018Facebook\u2019 se muzika\u00a0\u00ebsht\u00eb magjike dhe universale, sepse ajo prek telat e shpirtrave tan\u00eb!<\/p>\n<p>Mes t\u00eb tjerash, Presidenti shpreh nderim dhe respekt \u201cndaj t\u00eb gjith\u00eb plejad\u00ebs s\u00eb m\u00ebsuesve dhe drejtuesve t\u00eb Liceut Artistik \u2018Jordan Misja\u2019 nd\u00ebr dekada, nga m\u00ebsimdh\u00ebnia, p\u00ebrkushtimi, mendjet dhe duart e tyre kan\u00eb dal\u00eb qindra kompozitor\u00eb, instrumentist\u00eb, k\u00ebng\u00ebtar\u00eb e artist\u00eb, t\u00eb cil\u00ebt kan\u00eb arritur t\u00eb b\u00ebjn\u00eb em\u00ebr edhe n\u00eb skenat m\u00eb t\u00eb m\u00ebdha t\u00eb Europ\u00ebs dhe t\u00eb bot\u00ebs\u201d.<\/p>\n<p><strong>Mesazhi i Met\u00ebs:<\/strong><\/p>\n<p>N\u00eb vler\u00ebsim t\u00eb talentit t\u00eb spikatur muzikor, t\u00eb mjesht\u00ebris\u00eb s\u00eb lart\u00eb t\u00eb interpretimit si violin\u00e7elist, si dhe me mir\u00ebnjohje p\u00ebr kontributin e ve\u00e7ant\u00eb t\u00eb dh\u00ebn\u00eb gjat\u00eb pun\u00ebs plot p\u00ebrkushtim si drejtues i Liceut Artistik \u2018Jordan Misja\u2019, pata k\u00ebnaq\u00ebsin\u00eb t\u00eb \u00e7moja me Titullin e lart\u00eb \u2018Mjesht\u00ebr i Madh\u2019, Profesor Gjovalin Lazri. Muzika \u00ebsht\u00eb magjike dhe universale, sepse ajo prek telat e shpirtrave tan\u00eb! Ajo mund t\u00eb ndryshoj\u00eb bot\u00ebn, sepse ka aft\u00ebsin\u00eb t\u00eb ndikoj\u00eb e t\u00eb ndryshoj\u00eb shpirtin njer\u00ebzor. Muzika i bashkon dhe i b\u00ebn m\u00eb t\u00eb af\u00ebrt njer\u00ebzit e ndrysh\u00ebm, dhe n\u00eb t\u00eb nj\u00ebjt\u00ebn koh\u00eb e b\u00ebn shoq\u00ebrin\u00eb ton\u00eb edhe m\u00eb t\u00eb harmonishme. Si\u00e7 ja ka arritur me shum\u00eb sukses edhe Profesor Gjovalin Lazri, s\u00eb bashku me koleg\u00ebt e tij, artist\u00ebt e m\u00ebdhenj Tish Daija, Robert Radoja, Zhani Ciko e shum\u00eb t\u00eb tjer\u00eb. Nderim dhe respekt, ndaj t\u00eb gjith\u00eb plejad\u00ebs s\u00eb m\u00ebsuesve dhe drejtuesve t\u00eb Liceut Artistik \u2018Jordan Misja\u2019 nd\u00ebr dekada, nga m\u00ebsimdh\u00ebnia, p\u00ebrkushtimi, mendjet dhe duart e tyre kan\u00eb dal\u00eb qindra kompozitor\u00eb, instrumentist\u00eb, k\u00ebng\u00ebtar\u00eb e artist\u00eb, t\u00eb cil\u00ebt kan\u00eb arritur t\u00eb b\u00ebjn\u00eb em\u00ebr edhe n\u00eb skenat m\u00eb t\u00eb m\u00ebdha t\u00eb Europ\u00ebs dhe t\u00eb bot\u00ebs.<\/p>","protected":false},"excerpt":{"rendered":"<p>Presidenti Ilir Meta ka vler\u00ebsuar me titullin e lart\u00eb \u201cMjesht\u00ebr i Madh\u201d talentin e muzik\u00ebs, Gjovalin Lazri.\u00a0Meta shkruan n\u00eb \u2018Facebook\u2019 se muzika\u00a0\u00ebsht\u00eb magjike dhe universale, sepse ajo prek telat e shpirtrave tan\u00eb! Mes t\u00eb tjerash, Presidenti shpreh nderim dhe respekt \u201cndaj t\u00eb gjith\u00eb plejad\u00ebs s\u00eb m\u00ebsuesve dhe drejtuesve t\u00eb Liceut Artistik \u2018Jordan Misja\u2019 nd\u00ebr dekada, [&hellip;]<\/p>\n","protected":false},"author":2020,"featured_media":0,"comment_status":"open","ping_status":"closed","sticky":false,"template":"","format":"standard","meta":{"footnotes":""},"categories":[241,337,231,235],"tags":[],"class_list":{"0":"post-127446","1":"post","2":"type-post","3":"status-publish","4":"format-standard","6":"category-aktualitet","7":"category-kulture","8":"category-lajme","9":"category-vendi"},"_links":{"self":[{"href":"https:\/\/zjarr.tv\/en\/wp-json\/wp\/v2\/posts\/127446","targetHints":{"allow":["GET"]}}],"collection":[{"href":"https:\/\/zjarr.tv\/en\/wp-json\/wp\/v2\/posts"}],"about":[{"href":"https:\/\/zjarr.tv\/en\/wp-json\/wp\/v2\/types\/post"}],"author":[{"embeddable":true,"href":"https:\/\/zjarr.tv\/en\/wp-json\/wp\/v2\/users\/2020"}],"replies":[{"embeddable":true,"href":"https:\/\/zjarr.tv\/en\/wp-json\/wp\/v2\/comments?post=127446"}],"version-history":[{"count":0,"href":"https:\/\/zjarr.tv\/en\/wp-json\/wp\/v2\/posts\/127446\/revisions"}],"wp:attachment":[{"href":"https:\/\/zjarr.tv\/en\/wp-json\/wp\/v2\/media?parent=127446"}],"wp:term":[{"taxonomy":"category","embeddable":true,"href":"https:\/\/zjarr.tv\/en\/wp-json\/wp\/v2\/categories?post=127446"},{"taxonomy":"post_tag","embeddable":true,"href":"https:\/\/zjarr.tv\/en\/wp-json\/wp\/v2\/tags?post=127446"}],"curies":[{"name":"wp","href":"https:\/\/api.w.org\/{rel}","templated":true}]}}