{"id":127514,"date":"2020-06-29T16:15:55","date_gmt":"2020-06-29T14:15:55","guid":{"rendered":"https:\/\/zjarr.tv\/?p=127514"},"modified":"2020-06-29T14:49:27","modified_gmt":"2020-06-29T12:49:27","slug":"infektohet-me-covid-19-edhe-nenkryetarja-e-bashkise-shkoder","status":"publish","type":"post","link":"https:\/\/zjarr.tv\/en\/infektohet-me-covid-19-edhe-nenkryetarja-e-bashkise-shkoder\/","title":{"rendered":"Infektohet me COVID-19 edhe n\u00ebnkryetarja e bashkis\u00eb Shkod\u00ebr"},"content":{"rendered":"<p>Prej mesit t\u00eb jav\u00ebs numri dy i bashkis\u00eb Shkoder Emilia Koliqi nuk ka dal\u00eb n\u00eb pun\u00eb, pas shfaqjes s\u00eb shenjave t\u00eb para t\u00eb s\u00ebmundjes.\u00a0Sipas t\u00eb dh\u00ebnave, ajo mendohet t\u00eb jet\u00eb infektuar gjat\u00eb kontakteve t\u00eb pun\u00ebs n\u00eb terren, e po ashtu edhe polici bashkiak, personi i dyt\u00eb pozitiv brenda bashkis\u00eb. Rastet e tjera t\u00eb 11 personave t\u00eb konfirmuar n\u00eb Shkoder gjat\u00eb 24 or\u00ebve t\u00eb fundit jan\u00eb kontakte t\u00eb t\u00eb infektuarve t\u00eb m\u00ebparsh\u00ebm dhe n\u00eb nj\u00eb fasoneri.\u00a0155 ka shkuar numri i pacient\u00ebve aktiv n\u00eb Shkoder, ku 143 ndodhen n\u00eb kushte sht\u00ebpie, 10 n\u00eb spital dhe 2 n\u00eb terapi intensive.\u00a0Prej nisjes s\u00eb pandemis\u00eb nga 2216 testime t\u00eb kryera n\u00eb qarkun Shkoder, pozitiv kan\u00eb rezultuar 351 shtetas, prej t\u00eb cil\u00ebve 189 jan\u00eb sh\u00ebruar, 7 e kan\u00eb humbur betej\u00ebn me virusin dhe 155 jan\u00eb persona aktiv\u00eb.\u00a0N\u00eb rrethin e Puk\u00ebs 3 rastet jan\u00eb n\u00eb qytet dhe dol\u00ebn nga 6 mostrat e marra n\u00eb 24 or\u00ebt e fundit. Nga 30 rastet q\u00eb ka aktiv\u00eb Puka, edhe dy pacient\u00eb u shtruan me urgjenc\u00eb n\u00eb spitalin infektiv p\u00ebr shkak t\u00eb r\u00ebndimit t\u00eb gjendjes sh\u00ebndet\u00ebsore.\u00a0Mes t\u00eb infektuarve jan\u00eb 4 personel mjek\u00ebsor, 1 mjek dhe 3 infermier q\u00eb ndodhen n\u00eb kushte sht\u00ebpie. N\u00eb total nga nisja e pandemis\u00eb n\u00eb k\u00ebt\u00eb rreth jan\u00eb 44 raste, ku hart\u00ebs i \u00ebsht\u00eb shtuar dit\u00ebt e fundit edhe Fush\u00eb Arr\u00ebzi nj\u00eb zon\u00eb q\u00eb ishte m\u00eb her\u00ebt e paprekur.<\/p>","protected":false},"excerpt":{"rendered":"<p>Prej mesit t\u00eb jav\u00ebs numri dy i bashkis\u00eb Shkoder Emilia Koliqi nuk ka dal\u00eb n\u00eb pun\u00eb, pas shfaqjes s\u00eb shenjave t\u00eb para t\u00eb s\u00ebmundjes.\u00a0Sipas t\u00eb dh\u00ebnave, ajo mendohet t\u00eb jet\u00eb infektuar gjat\u00eb kontakteve t\u00eb pun\u00ebs n\u00eb terren, e po ashtu edhe polici bashkiak, personi i dyt\u00eb pozitiv brenda bashkis\u00eb. Rastet e tjera t\u00eb 11 personave [&hellip;]<\/p>\n","protected":false},"author":2020,"featured_media":0,"comment_status":"open","ping_status":"closed","sticky":false,"template":"","format":"standard","meta":{"footnotes":""},"categories":[1],"tags":[],"class_list":{"0":"post-127514","1":"post","2":"type-post","3":"status-publish","4":"format-standard","6":"category-uncategorized-sq"},"_links":{"self":[{"href":"https:\/\/zjarr.tv\/en\/wp-json\/wp\/v2\/posts\/127514","targetHints":{"allow":["GET"]}}],"collection":[{"href":"https:\/\/zjarr.tv\/en\/wp-json\/wp\/v2\/posts"}],"about":[{"href":"https:\/\/zjarr.tv\/en\/wp-json\/wp\/v2\/types\/post"}],"author":[{"embeddable":true,"href":"https:\/\/zjarr.tv\/en\/wp-json\/wp\/v2\/users\/2020"}],"replies":[{"embeddable":true,"href":"https:\/\/zjarr.tv\/en\/wp-json\/wp\/v2\/comments?post=127514"}],"version-history":[{"count":0,"href":"https:\/\/zjarr.tv\/en\/wp-json\/wp\/v2\/posts\/127514\/revisions"}],"wp:attachment":[{"href":"https:\/\/zjarr.tv\/en\/wp-json\/wp\/v2\/media?parent=127514"}],"wp:term":[{"taxonomy":"category","embeddable":true,"href":"https:\/\/zjarr.tv\/en\/wp-json\/wp\/v2\/categories?post=127514"},{"taxonomy":"post_tag","embeddable":true,"href":"https:\/\/zjarr.tv\/en\/wp-json\/wp\/v2\/tags?post=127514"}],"curies":[{"name":"wp","href":"https:\/\/api.w.org\/{rel}","templated":true}]}}