{"id":127539,"date":"2020-06-29T19:13:20","date_gmt":"2020-06-29T17:13:20","guid":{"rendered":"https:\/\/zjarr.tv\/?p=127539"},"modified":"2020-06-29T18:14:39","modified_gmt":"2020-06-29T16:14:39","slug":"ish-kryeministri-francez-francois-fillon-shpallet-fajtor-per-punesimin-fiktiv-te-gruas-se-tij","status":"publish","type":"post","link":"https:\/\/zjarr.tv\/en\/ish-kryeministri-francez-francois-fillon-shpallet-fajtor-per-punesimin-fiktiv-te-gruas-se-tij\/","title":{"rendered":"Ish-kryeministri francez Francois Fillon shpallet fajtor p\u00ebr pun\u00ebsimin fiktiv t\u00eb gruas s\u00eb tij"},"content":{"rendered":"<p>Nj\u00eb gjykat\u00eb franceze ka d\u00ebnuar ish-kryeministrin Francois Fillon n\u00ebn akuzat \u201cse kishte falsifikuar nj\u00eb pun\u00eb\u201d p\u00ebr gruan e tij, ku ajo paguhej m\u00eb shum\u00eb se 1 milion euro nga fondet publike. \u00c7\u00ebshtja gjyq\u00ebsore u nis nga nj\u00eb investigim i nj\u00eb gazete franceze, publikuar m\u00eb 2017. N\u00eb gazet\u00eb shkruhej se gruaja e Fillon, Penelope, kishte qen\u00eb asistentja e tij parlamentare p\u00ebr 15 vjet, por sipas tyre nuk ekziston asnj\u00eb prov\u00eb se ajo n\u00eb fakt kishte punuar n\u00eb k\u00ebt\u00eb pozicion. Kjo \u00e7\u00ebshtje i shkat\u00ebrroi fushat\u00ebn presidenciale n\u00eb vitin 2017, ku ai pritej t\u00eb dilte fitimtar, duke i hapur rrug\u00eb zgjedhjes s\u00eb Emmanuel Macron si presidentin e ri t\u00eb vendit. Ish-kryeministri nuk mund t\u00eb kalonte as raundin e par\u00eb t\u00eb zgjedhjeve n\u00eb prill t\u00eb 2017. 66-vje\u00e7ari Fillon insistoi se gruaja e tij i kishte fituar parat\u00eb n\u00eb m\u00ebnyr\u00eb t\u00eb ndershme, duke th\u00ebn\u00eb se \u201cnuk ka asnj\u00eb dyshim mbi pun\u00ebn e gruas s\u00eb tij\u201d. N\u00eb mars t\u00eb vitit 2017 ai u padit mbi akuzat e \u201cp\u00ebrvet\u00ebsimit t\u00eb fondeve publike\u201d, \u201cfshehje dhe bashk\u00ebveprim n\u00eb abuzimin e pron\u00ebs s\u00eb korporatave\u201d dhe \u201cshkelje n\u00eb raportimin e detyrimeve ndaj autoriteteve t\u00eb larta franceze t\u00eb transparenc\u00ebs.Fillon ishte kryeminist\u00ebr i Franc\u00ebs prej vitit 2007 deri n\u00eb vitin 2012.<\/p>","protected":false},"excerpt":{"rendered":"<p>Nj\u00eb gjykat\u00eb franceze ka d\u00ebnuar ish-kryeministrin Francois Fillon n\u00ebn akuzat \u201cse kishte falsifikuar nj\u00eb pun\u00eb\u201d p\u00ebr gruan e tij, ku ajo paguhej m\u00eb shum\u00eb se 1 milion euro nga fondet publike. \u00c7\u00ebshtja gjyq\u00ebsore u nis nga nj\u00eb investigim i nj\u00eb gazete franceze, publikuar m\u00eb 2017. N\u00eb gazet\u00eb shkruhej se gruaja e Fillon, Penelope, kishte qen\u00eb [&hellip;]<\/p>\n","protected":false},"author":2020,"featured_media":0,"comment_status":"open","ping_status":"closed","sticky":false,"template":"","format":"standard","meta":{"footnotes":""},"categories":[1],"tags":[],"class_list":{"0":"post-127539","1":"post","2":"type-post","3":"status-publish","4":"format-standard","6":"category-uncategorized-sq"},"_links":{"self":[{"href":"https:\/\/zjarr.tv\/en\/wp-json\/wp\/v2\/posts\/127539","targetHints":{"allow":["GET"]}}],"collection":[{"href":"https:\/\/zjarr.tv\/en\/wp-json\/wp\/v2\/posts"}],"about":[{"href":"https:\/\/zjarr.tv\/en\/wp-json\/wp\/v2\/types\/post"}],"author":[{"embeddable":true,"href":"https:\/\/zjarr.tv\/en\/wp-json\/wp\/v2\/users\/2020"}],"replies":[{"embeddable":true,"href":"https:\/\/zjarr.tv\/en\/wp-json\/wp\/v2\/comments?post=127539"}],"version-history":[{"count":0,"href":"https:\/\/zjarr.tv\/en\/wp-json\/wp\/v2\/posts\/127539\/revisions"}],"wp:attachment":[{"href":"https:\/\/zjarr.tv\/en\/wp-json\/wp\/v2\/media?parent=127539"}],"wp:term":[{"taxonomy":"category","embeddable":true,"href":"https:\/\/zjarr.tv\/en\/wp-json\/wp\/v2\/categories?post=127539"},{"taxonomy":"post_tag","embeddable":true,"href":"https:\/\/zjarr.tv\/en\/wp-json\/wp\/v2\/tags?post=127539"}],"curies":[{"name":"wp","href":"https:\/\/api.w.org\/{rel}","templated":true}]}}