{"id":127546,"date":"2020-06-29T20:00:23","date_gmt":"2020-06-29T18:00:23","guid":{"rendered":"https:\/\/zjarr.tv\/?p=127546"},"modified":"2020-06-29T18:20:07","modified_gmt":"2020-06-29T16:20:07","slug":"7-te-vrare-ne-pakistan-rebelet-separatiste-sulmojne-bursen-e-karacit","status":"publish","type":"post","link":"https:\/\/zjarr.tv\/en\/7-te-vrare-ne-pakistan-rebelet-separatiste-sulmojne-bursen-e-karacit\/","title":{"rendered":"7 t\u00eb vrar\u00eb n\u00eb Pakistan. Rebel\u00ebt separatist\u00eb sulmojn\u00eb burs\u00ebn e Kara\u00e7it"},"content":{"rendered":"<div class=\"row content\">\n<div class=\"col-xs-12 col-sm-12 col-md-11 col-lg-11 content-body\">\n<p>Kat\u00ebr persona t\u00eb armatosur sulmuan paraditen e s\u00eb h\u00ebn\u00ebs burs\u00ebn n\u00eb Kara\u00e7i t\u00eb Pakistanit, duke vrar\u00eb dy roje dhe nj\u00eb polic p\u00ebrpara se forcat e siguris\u00eb t\u00eb vrisnin t\u00eb gjith\u00eb agresor\u00ebt. Rebel\u00ebt separatist\u00eb nga provinca e Balo\u00e7istanit mor\u00ebn p\u00ebrsip\u00ebr p\u00ebrgjegj\u00ebsin\u00eb p\u00ebrmes nj\u00eb postimi n\u00eb Twitter. Sipas policis\u00eb, autor\u00ebt e sulmit mb\u00ebrrit\u00ebn me nj\u00eb automjet, hodh\u00ebn nj\u00eb granat\u00eb ndaj dy rojeve t\u00eb siguris\u00eb dhe m\u00eb pas hap\u00ebn zjarr me kallashnikov. M\u00eb pas t\u00eb kat\u00ebr autor\u00ebt mbet\u00ebn t\u00eb vrar\u00eb n\u00eb p\u00ebrballjen me forcat speciale, t\u00eb cilat nd\u00ebrhyn\u00eb p\u00ebr t\u00eb qet\u00ebsuar situat\u00ebn. Grupet separatiste nga Balo\u00e7istanit luftojn\u00eb prej koh\u00ebsh p\u00ebr t\u00eb k\u00ebrkuar pavar\u00ebsin\u00eb dhe marrjen e nj\u00eb pjese m\u00eb t\u00eb madhe t\u00eb pasurive natyrore t\u00eb provinc\u00ebs. Bursa pakistaneze nuk e pezulloi aktivitetin e saj, pavar\u00ebsisht sulmit.<\/p>\n<\/div>\n<\/div>\n<div id=\"article-comments\" class=\"comments\">\n<div data-spotim-default-areas=\"\">\n<div data-spot-im-module-default-area=\"reactions\" data-spot-id=\"sp_P4swgTCb\" data-post-id=\"10457\"><\/div>\n<div data-spot-im-module-default-area=\"pitc\" data-spot-id=\"sp_P4swgTCb\" data-post-id=\"10457\"><\/div>\n<div data-spot-im-module-default-area=\"spotlight\" data-spot-id=\"sp_P4swgTCb\" data-post-id=\"10457\"><\/div>\n<div data-spot-im-module-default-area=\"tag-tester\" data-spot-id=\"sp_P4swgTCb\" data-post-id=\"10457\"><\/div>\n<div data-spot-im-module-default-area=\"multiplex\" data-spot-id=\"sp_P4swgTCb\" data-post-id=\"10457\"><\/div>\n<div data-spot-im-module-default-area=\"conversation\" data-spot-id=\"sp_P4swgTCb\" data-post-id=\"10457\" data-module-element-id=\"ade2e3125dd299a318c46a2a83b07e03\">\n<div data-spot-im-shadow-host=\"conversation conversation-survey @spotim\/ui-components @spotim\/ads @spotim\/user-image feed @spotim\/entities\">\n<div>\n<div id=\"spotim-specific\">\n<div data-spot-im-direction=\"ltr\">\n<div id=\"spotim-specific-conversation\" class=\"spcv_mainContainer\" data-spotim-app=\"conversation\">\n<div class=\"spcv_conversation-view spot-im-conversation-module\" data-spmark=\"conversation conversation-id:sp_P4swgTCb_10457\" data-spot-im-class=\"conversation-root\" data-tooltips-boundaries=\"true\" data-is-logged-in=\"false\">\n<div class=\"spcv_conversation-header\" data-spot-im-class=\"conversation-header\">\n<div class=\"spcv_info\">\n<div class=\"spcv_left-area\">\n<div class=\"spcv_titleFacesWrapper\">\n<div class=\"spcv_headers spcv_singleTab\"><button class=\"Button__button--1DqkP Button__isEllipsis--1csVl spcv_tabButton\" disabled=\"disabled\" type=\"button\"><span class=\"Typography__text--1eD18 Typography__product-heading--2qt4x\" data-spot-im-class=\"header-text\">Diskutime<\/span><\/button><\/div>\n<\/div>\n<\/div>\n<\/div>\n<\/div>\n<\/div>\n<\/div>\n<\/div>\n<\/div>\n<\/div>\n<\/div>\n<\/div>\n<\/div>\n<\/div>","protected":false},"excerpt":{"rendered":"<p>Kat\u00ebr persona t\u00eb armatosur sulmuan paraditen e s\u00eb h\u00ebn\u00ebs burs\u00ebn n\u00eb Kara\u00e7i t\u00eb Pakistanit, duke vrar\u00eb dy roje dhe nj\u00eb polic p\u00ebrpara se forcat e siguris\u00eb t\u00eb vrisnin t\u00eb gjith\u00eb agresor\u00ebt. Rebel\u00ebt separatist\u00eb nga provinca e Balo\u00e7istanit mor\u00ebn p\u00ebrsip\u00ebr p\u00ebrgjegj\u00ebsin\u00eb p\u00ebrmes nj\u00eb postimi n\u00eb Twitter. Sipas policis\u00eb, autor\u00ebt e sulmit mb\u00ebrrit\u00ebn me nj\u00eb automjet, hodh\u00ebn [&hellip;]<\/p>\n","protected":false},"author":2020,"featured_media":0,"comment_status":"open","ping_status":"closed","sticky":false,"template":"","format":"standard","meta":{"footnotes":""},"categories":[1],"tags":[],"class_list":{"0":"post-127546","1":"post","2":"type-post","3":"status-publish","4":"format-standard","6":"category-uncategorized-sq"},"_links":{"self":[{"href":"https:\/\/zjarr.tv\/en\/wp-json\/wp\/v2\/posts\/127546","targetHints":{"allow":["GET"]}}],"collection":[{"href":"https:\/\/zjarr.tv\/en\/wp-json\/wp\/v2\/posts"}],"about":[{"href":"https:\/\/zjarr.tv\/en\/wp-json\/wp\/v2\/types\/post"}],"author":[{"embeddable":true,"href":"https:\/\/zjarr.tv\/en\/wp-json\/wp\/v2\/users\/2020"}],"replies":[{"embeddable":true,"href":"https:\/\/zjarr.tv\/en\/wp-json\/wp\/v2\/comments?post=127546"}],"version-history":[{"count":0,"href":"https:\/\/zjarr.tv\/en\/wp-json\/wp\/v2\/posts\/127546\/revisions"}],"wp:attachment":[{"href":"https:\/\/zjarr.tv\/en\/wp-json\/wp\/v2\/media?parent=127546"}],"wp:term":[{"taxonomy":"category","embeddable":true,"href":"https:\/\/zjarr.tv\/en\/wp-json\/wp\/v2\/categories?post=127546"},{"taxonomy":"post_tag","embeddable":true,"href":"https:\/\/zjarr.tv\/en\/wp-json\/wp\/v2\/tags?post=127546"}],"curies":[{"name":"wp","href":"https:\/\/api.w.org\/{rel}","templated":true}]}}