{"id":127549,"date":"2020-06-29T20:15:12","date_gmt":"2020-06-29T18:15:12","guid":{"rendered":"https:\/\/zjarr.tv\/?p=127549"},"modified":"2020-06-29T18:24:43","modified_gmt":"2020-06-29T16:24:43","slug":"delegacioni-shqiptar-ne-oscar-2020","status":"publish","type":"post","link":"https:\/\/zjarr.tv\/en\/delegacioni-shqiptar-ne-oscar-2020\/","title":{"rendered":"\u201cDelegacioni\u201d shqiptar n\u00eb Oscar 2020"},"content":{"rendered":"<p>Filmi shqiptar \u201cDelegacioni\u201d, me regji t\u00eb Bujar Alimanit, skenar t\u00eb Artan Minarollit dhe interpretimin e Viktor Zhustit, Ndri\u00e7im Xhep\u00ebs, Xhevdet Ferit etj., do t\u00eb p\u00ebrfaq\u00ebsoj\u00eb Shqip\u00ebrin\u00eb n\u00eb gar\u00ebn e madhe p\u00ebr Oscar 2020. Lajmi \u00ebsht\u00eb b\u00ebr\u00eb me dije nga ambasada shqiptare n\u00eb Franc\u00eb, p\u00ebrmes nj\u00eb postimi n\u00eb rrjetet sociale, ku thuhet se bashk\u00ebprodhimi Shqip\u00ebri\/Franc\u00eb\/Greqi, i cili p\u00ebrfaq\u00ebson Shqip\u00ebrin\u00eb n\u00eb &#8220;Oscars 2020&#8221;, do t\u00eb shfaqet n\u00eb kinemat\u00eb franceze duke filluar nga data 22 korrik. Edhe ish-ministrja e Kultur\u00ebs, Mirela Kumbaro e ka ndar\u00eb lajmin e mir\u00eb n\u00eb rrjetet sociale, duke shprehur vler\u00ebsimin p\u00ebr t\u00eb gjith\u00eb protagonist\u00ebt e k\u00ebtij produksioni, ve\u00e7an\u00ebrisht p\u00ebr ata q\u00eb sot nuk jan\u00eb m\u00eb, si regjisori Artan Minarolli dhe aktori Xhevdet Feri.Triller politik q\u00eb zhvillohet n\u00eb periudh\u00ebn e fundit t\u00eb diktatur\u00ebs komuniste. &#8220;Delegacioni&#8221; \u00ebsht\u00eb nj\u00eb film sa njer\u00ebzor aq edhe historik, portret i nj\u00eb Shqip\u00ebrie dramatike n\u00eb vigjilje t\u00eb nisjes s\u00eb rrug\u00ebs drejt liris\u00eb.M\u00eb 1990, n\u00eb nj\u00eb krahin\u00eb t\u00eb larg\u00ebt t\u00eb Shqip\u00ebris\u00eb, nj\u00eb t\u00eb burgosur politik e transferojn\u00eb papritur dhe pa arsye drejt nj\u00eb vendi t\u00eb panjohur. Automjeti q\u00eb e transporton p\u00ebson defekt n\u00eb rrug\u00ebn n\u00eb mes t\u00eb maleve. I burgosuri hyn n\u00eb bised\u00eb me dy shoq\u00ebruesit e tij, besnik\u00eb t\u00eb partis\u00eb komuniste.<\/p>\n<div class=\"article-tags\"><\/div>","protected":false},"excerpt":{"rendered":"<p>Filmi shqiptar \u201cDelegacioni\u201d, me regji t\u00eb Bujar Alimanit, skenar t\u00eb Artan Minarollit dhe interpretimin e Viktor Zhustit, Ndri\u00e7im Xhep\u00ebs, Xhevdet Ferit etj., do t\u00eb p\u00ebrfaq\u00ebsoj\u00eb Shqip\u00ebrin\u00eb n\u00eb gar\u00ebn e madhe p\u00ebr Oscar 2020. Lajmi \u00ebsht\u00eb b\u00ebr\u00eb me dije nga ambasada shqiptare n\u00eb Franc\u00eb, p\u00ebrmes nj\u00eb postimi n\u00eb rrjetet sociale, ku thuhet se bashk\u00ebprodhimi Shqip\u00ebri\/Franc\u00eb\/Greqi, i [&hellip;]<\/p>\n","protected":false},"author":2020,"featured_media":0,"comment_status":"open","ping_status":"closed","sticky":false,"template":"","format":"standard","meta":{"footnotes":""},"categories":[1],"tags":[],"class_list":{"0":"post-127549","1":"post","2":"type-post","3":"status-publish","4":"format-standard","6":"category-uncategorized-sq"},"_links":{"self":[{"href":"https:\/\/zjarr.tv\/en\/wp-json\/wp\/v2\/posts\/127549","targetHints":{"allow":["GET"]}}],"collection":[{"href":"https:\/\/zjarr.tv\/en\/wp-json\/wp\/v2\/posts"}],"about":[{"href":"https:\/\/zjarr.tv\/en\/wp-json\/wp\/v2\/types\/post"}],"author":[{"embeddable":true,"href":"https:\/\/zjarr.tv\/en\/wp-json\/wp\/v2\/users\/2020"}],"replies":[{"embeddable":true,"href":"https:\/\/zjarr.tv\/en\/wp-json\/wp\/v2\/comments?post=127549"}],"version-history":[{"count":0,"href":"https:\/\/zjarr.tv\/en\/wp-json\/wp\/v2\/posts\/127549\/revisions"}],"wp:attachment":[{"href":"https:\/\/zjarr.tv\/en\/wp-json\/wp\/v2\/media?parent=127549"}],"wp:term":[{"taxonomy":"category","embeddable":true,"href":"https:\/\/zjarr.tv\/en\/wp-json\/wp\/v2\/categories?post=127549"},{"taxonomy":"post_tag","embeddable":true,"href":"https:\/\/zjarr.tv\/en\/wp-json\/wp\/v2\/tags?post=127549"}],"curies":[{"name":"wp","href":"https:\/\/api.w.org\/{rel}","templated":true}]}}