{"id":127553,"date":"2020-06-30T15:04:12","date_gmt":"2020-06-30T13:04:12","guid":{"rendered":"https:\/\/zjarr.tv\/?p=127553"},"modified":"2020-06-30T15:04:33","modified_gmt":"2020-06-30T13:04:33","slug":"korce-lacianet-arrestohen-ne-flagrance-po-transportonin-emigrante-te-paligjshem","status":"publish","type":"post","link":"https:\/\/zjarr.tv\/en\/korce-lacianet-arrestohen-ne-flagrance-po-transportonin-emigrante-te-paligjshem\/","title":{"rendered":"Kor\u00e7\u00eb: La\u00e7ian\u00ebt arrestohen n\u00eb flagranc\u00eb, po transportonin emigrant\u00eb t\u00eb paligjsh\u00ebm"},"content":{"rendered":"<p>Pes\u00eb persona jan\u00eb arrestuar n\u00eb 24 or\u00ebt e fundit nga policia e shtetit p\u00ebr shkak se kundrejt fitimit ndihmonin emigrant\u00eb nga vende t\u00eb bot\u00ebs s\u00eb tret\u00eb p\u00ebr t\u00eb shkuar me destinacion vendet e Europ\u00ebs. Jan\u00eb goditur n\u00eb total dy grupe dhe m\u00eb konkretisht n\u00eb prangat e policis\u00eb kan\u00eb r\u00ebn\u00eb tre la\u00e7ian\u00eb, M. K., 35 vje\u00e7, F. F., 20 vje\u00e7 dhe E. L., 23 vje\u00e7, t\u00eb cil\u00ebt u kap\u00ebn nga policia n\u00eb af\u00ebrsi t\u00eb fshatit Z\u00ebmblak, duke transportuar me tre mjete n\u00eb drejtim t\u00eb Tiran\u00ebs, kundrejt shum\u00ebs 1000 euro, 15 shtetas t\u00eb huaj, emigrant\u00eb t\u00eb paligjsh\u00ebm t\u00eb hyr\u00eb nga Kor\u00e7a. Nd\u00ebrkoh\u00eb jan\u00eb arrestuar edhe dy shtetas t\u00eb tjer\u00eb E. Xh., 21 vje\u00e7, banues n\u00eb Pogradec dhe F. D., 24 vje\u00e7, banues n\u00eb Kor\u00e7\u00eb, pasi n\u00eb hyrje t\u00eb qytetit t\u00eb Pogradecit, u kap\u00ebn nga Policia duke transportuar me nj\u00eb mjet n\u00eb drejtim t\u00eb Tiran\u00ebs, kundrejt shum\u00ebs 500 euro, 3 shtetas t\u00eb huaj, q\u00eb ishin emigrant\u00eb t\u00eb paligjsh\u00ebm. T\u00eb pest\u00eb k\u00ebta persona do t\u00eb p\u00ebrballen n\u00eb gjykat\u00eb me akuz\u00ebn \u201cndihma p\u00ebr kalim t\u00eb paligjsh\u00ebm t\u00eb kufijve, kryer n\u00eb bashk\u00ebpunim\u201d. K\u00ebto nuk jan\u00eb rastet e para t\u00eb goditjes s\u00eb k\u00ebsaj veprimtarie, pasi n\u00eb dit\u00ebt ose jav\u00ebt e fundit ka patur t\u00eb tjer\u00eb aksione p\u00ebr arrestimin e k\u00ebtyre shtetasve, t\u00eb cil\u00ebt ndihmojn\u00eb emigrant\u00ebt t\u00eb p\u00ebrshkruajn\u00eb kufirin shqiptar.<\/p>","protected":false},"excerpt":{"rendered":"<p>Pes\u00eb persona jan\u00eb arrestuar n\u00eb 24 or\u00ebt e fundit nga policia e shtetit p\u00ebr shkak se kundrejt fitimit ndihmonin emigrant\u00eb nga vende t\u00eb bot\u00ebs s\u00eb tret\u00eb p\u00ebr t\u00eb shkuar me destinacion vendet e Europ\u00ebs. Jan\u00eb goditur n\u00eb total dy grupe dhe m\u00eb konkretisht n\u00eb prangat e policis\u00eb kan\u00eb r\u00ebn\u00eb tre la\u00e7ian\u00eb, M. K., 35 vje\u00e7, [&hellip;]<\/p>\n","protected":false},"author":2020,"featured_media":0,"comment_status":"open","ping_status":"closed","sticky":false,"template":"","format":"standard","meta":{"footnotes":""},"categories":[1],"tags":[],"class_list":{"0":"post-127553","1":"post","2":"type-post","3":"status-publish","4":"format-standard","6":"category-uncategorized-sq"},"_links":{"self":[{"href":"https:\/\/zjarr.tv\/en\/wp-json\/wp\/v2\/posts\/127553","targetHints":{"allow":["GET"]}}],"collection":[{"href":"https:\/\/zjarr.tv\/en\/wp-json\/wp\/v2\/posts"}],"about":[{"href":"https:\/\/zjarr.tv\/en\/wp-json\/wp\/v2\/types\/post"}],"author":[{"embeddable":true,"href":"https:\/\/zjarr.tv\/en\/wp-json\/wp\/v2\/users\/2020"}],"replies":[{"embeddable":true,"href":"https:\/\/zjarr.tv\/en\/wp-json\/wp\/v2\/comments?post=127553"}],"version-history":[{"count":0,"href":"https:\/\/zjarr.tv\/en\/wp-json\/wp\/v2\/posts\/127553\/revisions"}],"wp:attachment":[{"href":"https:\/\/zjarr.tv\/en\/wp-json\/wp\/v2\/media?parent=127553"}],"wp:term":[{"taxonomy":"category","embeddable":true,"href":"https:\/\/zjarr.tv\/en\/wp-json\/wp\/v2\/categories?post=127553"},{"taxonomy":"post_tag","embeddable":true,"href":"https:\/\/zjarr.tv\/en\/wp-json\/wp\/v2\/tags?post=127553"}],"curies":[{"name":"wp","href":"https:\/\/api.w.org\/{rel}","templated":true}]}}