{"id":130290,"date":"2020-07-27T11:51:44","date_gmt":"2020-07-27T09:51:44","guid":{"rendered":"https:\/\/zjarr.tv\/?p=130290"},"modified":"2020-07-27T11:51:44","modified_gmt":"2020-07-27T09:51:44","slug":"kuvendi-voton-sot-raportin-meta-nuk-shkarkohet-propozohen-nderhyrje-ne-kushtetute","status":"publish","type":"post","link":"https:\/\/zjarr.tv\/en\/kuvendi-voton-sot-raportin-meta-nuk-shkarkohet-propozohen-nderhyrje-ne-kushtetute\/","title":{"rendered":"Kuvendi voton sot raportin: Meta nuk shkarkohet, propozohen nd\u00ebrhyrje n\u00eb Kushtetut\u00eb"},"content":{"rendered":"<p>Kuvendi miraton sot raportin p\u00ebrfundimtar t\u00eb komisionit hetimor p\u00ebr kontrollin e ligjshm\u00ebris\u00eb s\u00eb veprimeve t\u00eb kryera nga Presidenti i Republik\u00ebs.Ulsi Manja po lexon raportin e komisionit hetimor.<\/p>\n<p>\u201cPresidenti ka vet\u00ebm detyr\u00ebn t\u00eb caktoj\u00eb dat\u00ebm e zgjedhjeve.. k\u00ebtu e mbaron detyr\u00ebn e tij \u201c deklaroi Manja.N\u00eb konkluzionet e raportit t\u00eb Komisionit thuhet se nuk ka shkaqe t\u00eb forta p\u00ebr shkarkimin e kreut t\u00eb shtetit por proppozohen nd\u00ebrhyrje n\u00eb Kushtetut\u00eb p\u00ebr t\u00eb qart\u00ebsuar kompentencat e presidentit si dhe p\u00ebrfshirjen e nj\u00eb mekanizmi zhbllokues n\u00eb raste t\u00eb mosveprimit.Nd\u00ebrkoh\u00eb m\u00eb 30 korrik \u00ebsht\u00eb parashikuar seanca p\u00ebr miratimin e ndryshimeve kushtetuese t\u00eb cilat opozita i kund\u00ebrshton.<\/p>","protected":false},"excerpt":{"rendered":"<p>Kuvendi miraton sot raportin p\u00ebrfundimtar t\u00eb komisionit hetimor p\u00ebr kontrollin e ligjshm\u00ebris\u00eb s\u00eb veprimeve t\u00eb kryera nga Presidenti i Republik\u00ebs.Ulsi Manja po lexon raportin e komisionit hetimor. \u201cPresidenti ka vet\u00ebm detyr\u00ebn t\u00eb caktoj\u00eb dat\u00ebm e zgjedhjeve.. k\u00ebtu e mbaron detyr\u00ebn e tij \u201c deklaroi Manja.N\u00eb konkluzionet e raportit t\u00eb Komisionit thuhet se nuk ka shkaqe [&hellip;]<\/p>\n","protected":false},"author":2020,"featured_media":130170,"comment_status":"open","ping_status":"closed","sticky":false,"template":"","format":"standard","meta":{"footnotes":""},"categories":[241],"tags":[],"class_list":{"0":"post-130290","1":"post","2":"type-post","3":"status-publish","4":"format-standard","5":"has-post-thumbnail","7":"category-aktualitet"},"_links":{"self":[{"href":"https:\/\/zjarr.tv\/en\/wp-json\/wp\/v2\/posts\/130290","targetHints":{"allow":["GET"]}}],"collection":[{"href":"https:\/\/zjarr.tv\/en\/wp-json\/wp\/v2\/posts"}],"about":[{"href":"https:\/\/zjarr.tv\/en\/wp-json\/wp\/v2\/types\/post"}],"author":[{"embeddable":true,"href":"https:\/\/zjarr.tv\/en\/wp-json\/wp\/v2\/users\/2020"}],"replies":[{"embeddable":true,"href":"https:\/\/zjarr.tv\/en\/wp-json\/wp\/v2\/comments?post=130290"}],"version-history":[{"count":0,"href":"https:\/\/zjarr.tv\/en\/wp-json\/wp\/v2\/posts\/130290\/revisions"}],"wp:featuredmedia":[{"embeddable":true,"href":"https:\/\/zjarr.tv\/en\/wp-json\/wp\/v2\/media\/130170"}],"wp:attachment":[{"href":"https:\/\/zjarr.tv\/en\/wp-json\/wp\/v2\/media?parent=130290"}],"wp:term":[{"taxonomy":"category","embeddable":true,"href":"https:\/\/zjarr.tv\/en\/wp-json\/wp\/v2\/categories?post=130290"},{"taxonomy":"post_tag","embeddable":true,"href":"https:\/\/zjarr.tv\/en\/wp-json\/wp\/v2\/tags?post=130290"}],"curies":[{"name":"wp","href":"https:\/\/api.w.org\/{rel}","templated":true}]}}