{"id":130316,"date":"2020-07-27T14:43:40","date_gmt":"2020-07-27T12:43:40","guid":{"rendered":"https:\/\/zjarr.tv\/?p=130316"},"modified":"2020-07-27T14:43:40","modified_gmt":"2020-07-27T12:43:40","slug":"na-trondite-gani-mesazhi-prekes-i-ministres-spiropali","status":"publish","type":"post","link":"https:\/\/zjarr.tv\/en\/na-trondite-gani-mesazhi-prekes-i-ministres-spiropali\/","title":{"rendered":"&#8220;Na trondite Gani&#8221;\/Mesazhi prek\u00ebs i ministres Spiropali"},"content":{"rendered":"<p>Ministrja e Shtetit p\u00ebr Marr\u00ebdh\u00ebniet me Parlamentin, Elisa Spiropali, reagon pas lajmit t\u00eb hidhur se shoferi i saj,\u00a0gardisti 58-vje\u00e7ar Gani Potka, ka nd\u00ebrruar jet\u00eb nga koronavirusi.<\/p>\n<p>N\u00eb nj\u00eb mesazh prek\u00ebs, ministrja shpreh tronditjen e thell\u00eb p\u00ebr largimin e tij nga jeta, duke th\u00ebn\u00eb se \u201c12 or\u00eb n\u00eb dit\u00eb, p\u00ebr 1 vit e gjys\u00ebm, m\u00eb shoq\u00ebrove kudo, i duruar, i v\u00ebmendsh\u00ebm, i kujdessh\u00ebm\u201d.<\/p>\n<p>M\u00eb tej, Spiropali vijon me fjal\u00ebt e trishta se \u201cNalta t\u00eb adhuronte, \u00e7do nj\u00ebri nga ne q\u00eb t\u00eb njohu t\u00eb donte dhe t\u00eb respektonte. Na ke tronditur dhe trishtuar thell\u00ebsisht\u201d.<\/p>\n<p><strong>Ja mesazhi i Spiropalit:<\/strong><\/p>\n<p>Kur komandanti i Gard\u00ebs m\u00eb solli jet\u00ebshkrimin me fotografin\u00eb t\u00ebnde, e kuptova menj\u00ebher\u00eb q\u00eb ishe i duhuri. Rrezatoje p\u00ebrkor\u00ebsi, fisnik\u00ebri, mir\u00ebsi.<\/p>\n<p>12 or\u00eb n\u00eb dit\u00eb, p\u00ebr 1 vit e gjys\u00ebm, m\u00eb shoq\u00ebrove kudo, i duruar, i v\u00ebmendsh\u00ebm, i kujdessh\u00ebm. \u00c7do dit\u00eb sillje maskat, ujin, i vendosje tek dera e makin\u00ebs, m\u00eb t\u00ebrhiqje v\u00ebrejtje se pija pak. E thoje me krenari q\u00eb s\u2019kishe pir\u00eb kurr\u00eb nj\u00eb aspirin\u00eb.<\/p>\n<p>Kur m\u00eb lajm\u00ebruan q\u00eb ke humbur vet\u00ebdijen dhe t\u00eb kan\u00eb intubuar, tronditja ishte aq e madhe sa nuk nxorra dot asnj\u00eb fjal\u00eb. Vet\u00ebm lot q\u00eb rridhnin pa kontroll. Sot, q\u00eb ky virus i pabes\u00eb t\u00eb mori frym\u00ebn dhe jet\u00ebn, s\u2019kam m\u00eb as lot. Nalta t\u00eb adhuronte, \u00e7do nj\u00ebri nga ne q\u00eb t\u00eb njohu t\u00eb donte dhe t\u00eb respektonte. Na ke tronditur dhe trishtuar thell\u00ebsisht. P\u00ebr familjen t\u00ebnde nuk ka ngush\u00ebllim, por ne do iu gjendemi gjithmon\u00eb! Prehu i qet\u00eb, Gani! Drit\u00eb past\u00eb shpirti yt i mir\u00eb!<\/p>","protected":false},"excerpt":{"rendered":"<p>Ministrja e Shtetit p\u00ebr Marr\u00ebdh\u00ebniet me Parlamentin, Elisa Spiropali, reagon pas lajmit t\u00eb hidhur se shoferi i saj,\u00a0gardisti 58-vje\u00e7ar Gani Potka, ka nd\u00ebrruar jet\u00eb nga koronavirusi. N\u00eb nj\u00eb mesazh prek\u00ebs, ministrja shpreh tronditjen e thell\u00eb p\u00ebr largimin e tij nga jeta, duke th\u00ebn\u00eb se \u201c12 or\u00eb n\u00eb dit\u00eb, p\u00ebr 1 vit e gjys\u00ebm, m\u00eb shoq\u00ebrove [&hellip;]<\/p>\n","protected":false},"author":2020,"featured_media":130317,"comment_status":"open","ping_status":"closed","sticky":false,"template":"","format":"standard","meta":{"footnotes":""},"categories":[241],"tags":[],"class_list":{"0":"post-130316","1":"post","2":"type-post","3":"status-publish","4":"format-standard","5":"has-post-thumbnail","7":"category-aktualitet"},"_links":{"self":[{"href":"https:\/\/zjarr.tv\/en\/wp-json\/wp\/v2\/posts\/130316","targetHints":{"allow":["GET"]}}],"collection":[{"href":"https:\/\/zjarr.tv\/en\/wp-json\/wp\/v2\/posts"}],"about":[{"href":"https:\/\/zjarr.tv\/en\/wp-json\/wp\/v2\/types\/post"}],"author":[{"embeddable":true,"href":"https:\/\/zjarr.tv\/en\/wp-json\/wp\/v2\/users\/2020"}],"replies":[{"embeddable":true,"href":"https:\/\/zjarr.tv\/en\/wp-json\/wp\/v2\/comments?post=130316"}],"version-history":[{"count":0,"href":"https:\/\/zjarr.tv\/en\/wp-json\/wp\/v2\/posts\/130316\/revisions"}],"wp:featuredmedia":[{"embeddable":true,"href":"https:\/\/zjarr.tv\/en\/wp-json\/wp\/v2\/media\/130317"}],"wp:attachment":[{"href":"https:\/\/zjarr.tv\/en\/wp-json\/wp\/v2\/media?parent=130316"}],"wp:term":[{"taxonomy":"category","embeddable":true,"href":"https:\/\/zjarr.tv\/en\/wp-json\/wp\/v2\/categories?post=130316"},{"taxonomy":"post_tag","embeddable":true,"href":"https:\/\/zjarr.tv\/en\/wp-json\/wp\/v2\/tags?post=130316"}],"curies":[{"name":"wp","href":"https:\/\/api.w.org\/{rel}","templated":true}]}}