{"id":130321,"date":"2020-07-27T14:49:18","date_gmt":"2020-07-27T12:49:18","guid":{"rendered":"https:\/\/zjarr.tv\/?p=130321"},"modified":"2020-07-27T14:51:10","modified_gmt":"2020-07-27T12:51:10","slug":"vaksina-anti-covid-brenda-2021-greqia-jep-shpresa","status":"publish","type":"post","link":"https:\/\/zjarr.tv\/en\/vaksina-anti-covid-brenda-2021-greqia-jep-shpresa\/","title":{"rendered":"Vaksina anti-Covid brenda 2021\/Greqia jep shpresa"},"content":{"rendered":"<p>Greqia \u00ebsht\u00eb e bindur se n\u00ebse gjith\u00e7ka shkon mir\u00eb, mund ta k\u00ebt\u00eb vaksin\u00ebn t\u00eb disponueshme p\u00ebr qytetar\u00ebt e saj brenda muajit janar 2021<\/p>\n<p>Teksa tashm\u00eb \u00ebsht\u00eb krijuar nj\u00eb ekip nga Ministria e Sh\u00ebndet\u00ebsis\u00eb, q\u00ebllimi i t\u00eb cilit \u00ebsht\u00eb t\u00eb ekzaminoj\u00eb t\u00eb dh\u00ebnat e vaksinave m\u00eb premtuese dhe t\u00eb negocioj\u00eb sasi dhe \u00e7mime me prodhuesit e tyre, kreu i Organizat\u00ebs Greke t\u00eb Barnave (EOF), Dimitrios Filippou tha p\u00ebr \u201cEkathimerini\u201d se \u201cNe jemi n\u00eb pritje t\u00eb zhvillimeve\u201d \u00a0dhe se \u201cN\u00ebse gjith\u00e7ka shkon si\u00e7 \u00ebsht\u00eb planifikuar, n\u00eb fillim t\u00eb vitit 2021, ne mund t\u00eb kemi nj\u00eb vaksin\u00eb p\u00ebr p\u00ebrdorim komercial.\u201d<\/p>\n<p>Filippou tha gjtihashtu se sigurimi i vaksinave p\u00ebr secilin vend do t\u00eb varet nga aft\u00ebsia prodhuese e kompanive q\u00eb i zhvillojn\u00eb ato dhe n\u00ebse ato rezultojn\u00eb t\u00eb efektshme.<\/p>\n<div class=\"show_last_article\">\n<p>Edhe Serbia deklaroi jav\u00ebn e kaluar se Beogradi do t\u00eb marr\u00eb vaksin\u00ebn kund\u00ebr koronavirusit t\u00eb ri deri n\u00eb fund t\u00eb vitit.<\/p>\n<p>Presidenti i Serbis\u00eb, Aleksand\u00ebr Vu\u00e7i\u00e7 deklaroi se vendi i tij po zhvillon bisedime me nj\u00eb vend, q\u00eb sipas tij ka p\u00ebrfunduar vaksin\u00ebn kund\u00ebr s\u00ebmundjes q\u00eb e shkakton koronavirusi dhe q\u00eb \u201cua jep at\u00eb popullatave t\u00eb rrezikuara\u201d.<\/p>\n<p>\u201cShpresojm\u00eb se para fundit t\u00eb vitit do t\u00eb mund ta kemi at\u00eb vaksin\u00eb. Do t\u00eb ishte shp\u00ebtim p\u00ebr Serbin\u00eb dhe ekonomin\u00eb ton\u00eb\u201d, tha Vu\u00e7i\u00e7 por nuk tha se p\u00ebr cilin vend b\u00ebhet fjal\u00eb.<\/p>\n<\/div>","protected":false},"excerpt":{"rendered":"<p>Greqia \u00ebsht\u00eb e bindur se n\u00ebse gjith\u00e7ka shkon mir\u00eb, mund ta k\u00ebt\u00eb vaksin\u00ebn t\u00eb disponueshme p\u00ebr qytetar\u00ebt e saj brenda muajit janar 2021 Teksa tashm\u00eb \u00ebsht\u00eb krijuar nj\u00eb ekip nga Ministria e Sh\u00ebndet\u00ebsis\u00eb, q\u00ebllimi i t\u00eb cilit \u00ebsht\u00eb t\u00eb ekzaminoj\u00eb t\u00eb dh\u00ebnat e vaksinave m\u00eb premtuese dhe t\u00eb negocioj\u00eb sasi dhe \u00e7mime me prodhuesit e [&hellip;]<\/p>\n","protected":false},"author":2020,"featured_media":130326,"comment_status":"open","ping_status":"closed","sticky":false,"template":"","format":"standard","meta":{"footnotes":""},"categories":[2],"tags":[],"class_list":{"0":"post-130321","1":"post","2":"type-post","3":"status-publish","4":"format-standard","5":"has-post-thumbnail","7":"category-rajoni"},"_links":{"self":[{"href":"https:\/\/zjarr.tv\/en\/wp-json\/wp\/v2\/posts\/130321","targetHints":{"allow":["GET"]}}],"collection":[{"href":"https:\/\/zjarr.tv\/en\/wp-json\/wp\/v2\/posts"}],"about":[{"href":"https:\/\/zjarr.tv\/en\/wp-json\/wp\/v2\/types\/post"}],"author":[{"embeddable":true,"href":"https:\/\/zjarr.tv\/en\/wp-json\/wp\/v2\/users\/2020"}],"replies":[{"embeddable":true,"href":"https:\/\/zjarr.tv\/en\/wp-json\/wp\/v2\/comments?post=130321"}],"version-history":[{"count":0,"href":"https:\/\/zjarr.tv\/en\/wp-json\/wp\/v2\/posts\/130321\/revisions"}],"wp:featuredmedia":[{"embeddable":true,"href":"https:\/\/zjarr.tv\/en\/wp-json\/wp\/v2\/media\/130326"}],"wp:attachment":[{"href":"https:\/\/zjarr.tv\/en\/wp-json\/wp\/v2\/media?parent=130321"}],"wp:term":[{"taxonomy":"category","embeddable":true,"href":"https:\/\/zjarr.tv\/en\/wp-json\/wp\/v2\/categories?post=130321"},{"taxonomy":"post_tag","embeddable":true,"href":"https:\/\/zjarr.tv\/en\/wp-json\/wp\/v2\/tags?post=130321"}],"curies":[{"name":"wp","href":"https:\/\/api.w.org\/{rel}","templated":true}]}}