{"id":130332,"date":"2020-07-27T15:08:15","date_gmt":"2020-07-27T13:08:15","guid":{"rendered":"https:\/\/zjarr.tv\/?p=130332"},"modified":"2020-07-27T15:08:15","modified_gmt":"2020-07-27T13:08:15","slug":"zgjedhjet-e-30-qershorit-ne-lezhe-do-te-hetohen","status":"publish","type":"post","link":"https:\/\/zjarr.tv\/en\/zgjedhjet-e-30-qershorit-ne-lezhe-do-te-hetohen\/","title":{"rendered":"Zgjedhjet e 30 qershorit n\u00eb Lezh\u00eb do t\u00eb hetohen"},"content":{"rendered":"<div class=\"post-content\">\n<p><em>Procesi zgjedhor i 30 qershorit n\u00eb bashkin\u00eb Lezh\u00eb do t\u00eb hetohet. Gjykata ka detyruar prokurorin\u00eb q\u00eb t\u00eb nis\u00eb procedim penal mbi baz\u00eb t\u00eb nj\u00eb kall\u00ebzimi t\u00eb Partis\u00eb Demokratike, duke i rr\u00ebzuar k\u00ebrkes\u00ebn p\u00ebr pushim t\u00eb hetimit. Selia blu n\u00eb Lezh\u00eb\u00a0 e cil\u00ebsoi vendimin e gjykat\u00ebs nj\u00eb mund\u00ebsi t\u00eb dyt\u00eb p\u00ebr organin e\u00a0 akuz\u00ebs p\u00ebr t\u00eb rikthyer besimin e qytetar\u00ebve tek vota e lir\u00eb. <\/em>Zgjedhjet e 30 qershorit n\u00eb Bashkin\u00eb Lezh\u00eb do t\u00eb hetohen. Gjykata e Lezh\u00ebs ka detyruar prokurorin\u00eb q\u00eb t\u00eb regjistroj\u00eb procedim penal dhe t\u00eb hetoj\u00eb procesin e votimit mbi baz\u00eb t\u00eb nj\u00eb kall\u00ebzimi t\u00eb Partis\u00eb Demokratike. Selia blu n\u00eb vitin 2019, b\u00ebri nj\u00eb kall\u00ebzim p\u00ebr shp\u00ebrdorim detyre, falsifikim dokumentesh dhe rezultatesh zgjedhore e disa shkelje t\u00eb tjera komisioner\u00ebt dhe num\u00ebruesit n\u00eb KZAZ nr 12 dhe 13. Rreth nj\u00eb vit nga denoncimi, prokuroria vendosi t\u00eb mos filloj\u00eb hetimin, por gjykata i ka dh\u00ebn\u00eb t\u00eb drejt\u00eb Partis\u00eb Demokratike, duke rr\u00ebzuar k\u00ebshtu organin e akuz\u00ebs. Duke vler\u00ebsuar vendimin e gjykat\u00ebs, si nj\u00eb mund\u00ebsi t\u00eb dyt\u00eb q\u00eb i jepet, PD e Lezh\u00ebs i k\u00ebrkoi prokuroris\u00eb q\u00eb hetimi tashm\u00eb i detyruar t\u00eb jet\u00eb i drejt\u00eb, i plot\u00eb dhe i paansh\u00ebm p\u00ebr t\u00eb rikthyer besimin e shqiptar\u00ebve tek vota.<\/p>\n<p><strong>Alfrida Marku, sekretare e PD, Lezh\u00eb<\/strong>\u00a0:<em>\u201cKjo \u00ebsht\u00eb mund\u00ebsi e dyt\u00eb q\u00eb i jepet prokuroris\u00eb t\u00eb tregohet e paanshme. Ne do ta ndjekim hap pas hapi\u201d<\/em>N\u00eb vendimin e prokuroris\u00eb Lezh\u00eb, thuhej se faktet e referuara p\u00ebr verifikim nuk p\u00ebrb\u00ebjn\u00eb vep\u00ebr penale, ndaj ajo vendosi t\u00eb mos hetoj\u00eb votimet e 30 qershorit.Zgjedhjet 30 qershorit jan\u00eb paditur edhe n\u00eb Gjykat\u00ebn Kushtetuese nga Voltana Ademi.Padia \u00ebsht\u00eb depozituar n\u00eb em\u00ebr t\u00eb Shoqat\u00ebs s\u00eb Bashkive t\u00eb Shqip\u00ebris\u00eb dhe nga Kushtetuesja k\u00ebrkohet zhb\u00ebrja e t\u00eb gjithe procesit t\u00eb 30 qershorit.<\/p>\n<\/div>\n<div class=\"article-tag row\">\n<h4 class=\"col-sm-1\"><\/h4>\n<\/div>","protected":false},"excerpt":{"rendered":"<p>Procesi zgjedhor i 30 qershorit n\u00eb bashkin\u00eb Lezh\u00eb do t\u00eb hetohet. Gjykata ka detyruar prokurorin\u00eb q\u00eb t\u00eb nis\u00eb procedim penal mbi baz\u00eb t\u00eb nj\u00eb kall\u00ebzimi t\u00eb Partis\u00eb Demokratike, duke i rr\u00ebzuar k\u00ebrkes\u00ebn p\u00ebr pushim t\u00eb hetimit. Selia blu n\u00eb Lezh\u00eb\u00a0 e cil\u00ebsoi vendimin e gjykat\u00ebs nj\u00eb mund\u00ebsi t\u00eb dyt\u00eb p\u00ebr organin e\u00a0 akuz\u00ebs p\u00ebr t\u00eb [&hellip;]<\/p>\n","protected":false},"author":2020,"featured_media":130334,"comment_status":"open","ping_status":"closed","sticky":false,"template":"","format":"standard","meta":{"footnotes":""},"categories":[235],"tags":[],"class_list":{"0":"post-130332","1":"post","2":"type-post","3":"status-publish","4":"format-standard","5":"has-post-thumbnail","7":"category-vendi"},"_links":{"self":[{"href":"https:\/\/zjarr.tv\/en\/wp-json\/wp\/v2\/posts\/130332","targetHints":{"allow":["GET"]}}],"collection":[{"href":"https:\/\/zjarr.tv\/en\/wp-json\/wp\/v2\/posts"}],"about":[{"href":"https:\/\/zjarr.tv\/en\/wp-json\/wp\/v2\/types\/post"}],"author":[{"embeddable":true,"href":"https:\/\/zjarr.tv\/en\/wp-json\/wp\/v2\/users\/2020"}],"replies":[{"embeddable":true,"href":"https:\/\/zjarr.tv\/en\/wp-json\/wp\/v2\/comments?post=130332"}],"version-history":[{"count":0,"href":"https:\/\/zjarr.tv\/en\/wp-json\/wp\/v2\/posts\/130332\/revisions"}],"wp:featuredmedia":[{"embeddable":true,"href":"https:\/\/zjarr.tv\/en\/wp-json\/wp\/v2\/media\/130334"}],"wp:attachment":[{"href":"https:\/\/zjarr.tv\/en\/wp-json\/wp\/v2\/media?parent=130332"}],"wp:term":[{"taxonomy":"category","embeddable":true,"href":"https:\/\/zjarr.tv\/en\/wp-json\/wp\/v2\/categories?post=130332"},{"taxonomy":"post_tag","embeddable":true,"href":"https:\/\/zjarr.tv\/en\/wp-json\/wp\/v2\/tags?post=130332"}],"curies":[{"name":"wp","href":"https:\/\/api.w.org\/{rel}","templated":true}]}}