{"id":130341,"date":"2020-07-27T15:31:34","date_gmt":"2020-07-27T13:31:34","guid":{"rendered":"https:\/\/zjarr.tv\/?p=130341"},"modified":"2020-07-27T15:31:34","modified_gmt":"2020-07-27T13:31:34","slug":"me-kercenohet-jeta-safet-bajri-padit-ne-spak-drejtorin-e-burgjeve-agim-ismailin","status":"publish","type":"post","link":"https:\/\/zjarr.tv\/en\/me-kercenohet-jeta-safet-bajri-padit-ne-spak-drejtorin-e-burgjeve-agim-ismailin\/","title":{"rendered":"M\u00eb k\u00ebrc\u00ebnohet jeta&#8217;, Safet Bajri padit n\u00eb SPAK drejtorin e burgjeve Agim Ismailin"},"content":{"rendered":"<p>Safet Bajri, aktualisht i d\u00ebnuar p\u00ebr llogari t\u00eb Belgjik\u00ebs p\u00ebr lidhje me trafikun e drog\u00ebs, ka paditur n\u00eb SPAK drejtorin e p\u00ebrgjithsh\u00ebm t\u00eb burgjeve Agim Ismailin p\u00ebr &#8216;shp\u00ebrdorim detyre&#8217;. Kjo p\u00ebr shkak se Bajri aktualisht d\u00ebnimin e tij po e vuan n\u00eb burgun e Fierit dhe ka k\u00ebrkuar transferimin prej aty, p\u00ebr shkak se pretendon se i rrezikohet jeta. Gjithashtu Bajri k\u00ebrkon q\u00eb d\u00ebnimin ta vuaj\u00eb af\u00ebr familjes. Pas k\u00ebrkesave t\u00eb p\u00ebrs\u00ebritura p\u00ebr transferimin n\u00eb burgun e Re\u00e7it, Bajri e ka d\u00ebrguar \u00e7\u00ebshtjen n\u00eb Struktur\u00ebn e Posa\u00e7me Anti Korrupsion, duke argumentuar dy arsyet e m\u00ebsip\u00ebrme.ajri \u00ebsht\u00eb i d\u00ebnuar me 9 vite burg nga gjyakatat e Belgjik\u00ebs, por nuk mund t\u00eb ekstradohet p\u00ebr shkak se dy vendet nuk kan\u00eb nj\u00eb marr\u00ebveshje p\u00ebr k\u00ebt\u00eb pjes\u00eb. Gjithsesi dy vendet njohin d\u00ebnimet e dh\u00ebna n\u00eb vendet reciproke dhe p\u00ebr k\u00ebt\u00eb arsye Bajri do e vuaj d\u00ebnimin n\u00eb Shqip\u00ebri.<\/p>","protected":false},"excerpt":{"rendered":"<p>Safet Bajri, aktualisht i d\u00ebnuar p\u00ebr llogari t\u00eb Belgjik\u00ebs p\u00ebr lidhje me trafikun e drog\u00ebs, ka paditur n\u00eb SPAK drejtorin e p\u00ebrgjithsh\u00ebm t\u00eb burgjeve Agim Ismailin p\u00ebr &#8216;shp\u00ebrdorim detyre&#8217;. Kjo p\u00ebr shkak se Bajri aktualisht d\u00ebnimin e tij po e vuan n\u00eb burgun e Fierit dhe ka k\u00ebrkuar transferimin prej aty, p\u00ebr shkak se pretendon [&hellip;]<\/p>\n","protected":false},"author":2020,"featured_media":130342,"comment_status":"open","ping_status":"closed","sticky":false,"template":"","format":"standard","meta":{"footnotes":""},"categories":[235],"tags":[],"class_list":{"0":"post-130341","1":"post","2":"type-post","3":"status-publish","4":"format-standard","5":"has-post-thumbnail","7":"category-vendi"},"_links":{"self":[{"href":"https:\/\/zjarr.tv\/en\/wp-json\/wp\/v2\/posts\/130341","targetHints":{"allow":["GET"]}}],"collection":[{"href":"https:\/\/zjarr.tv\/en\/wp-json\/wp\/v2\/posts"}],"about":[{"href":"https:\/\/zjarr.tv\/en\/wp-json\/wp\/v2\/types\/post"}],"author":[{"embeddable":true,"href":"https:\/\/zjarr.tv\/en\/wp-json\/wp\/v2\/users\/2020"}],"replies":[{"embeddable":true,"href":"https:\/\/zjarr.tv\/en\/wp-json\/wp\/v2\/comments?post=130341"}],"version-history":[{"count":0,"href":"https:\/\/zjarr.tv\/en\/wp-json\/wp\/v2\/posts\/130341\/revisions"}],"wp:featuredmedia":[{"embeddable":true,"href":"https:\/\/zjarr.tv\/en\/wp-json\/wp\/v2\/media\/130342"}],"wp:attachment":[{"href":"https:\/\/zjarr.tv\/en\/wp-json\/wp\/v2\/media?parent=130341"}],"wp:term":[{"taxonomy":"category","embeddable":true,"href":"https:\/\/zjarr.tv\/en\/wp-json\/wp\/v2\/categories?post=130341"},{"taxonomy":"post_tag","embeddable":true,"href":"https:\/\/zjarr.tv\/en\/wp-json\/wp\/v2\/tags?post=130341"}],"curies":[{"name":"wp","href":"https:\/\/api.w.org\/{rel}","templated":true}]}}