{"id":130349,"date":"2020-07-27T15:51:52","date_gmt":"2020-07-27T13:51:52","guid":{"rendered":"https:\/\/zjarr.tv\/?p=130349"},"modified":"2020-07-27T15:51:52","modified_gmt":"2020-07-27T13:51:52","slug":"presidenti-meta-vlereson-me-titull-piktorin-qamil-grezda-per-kontributin-e-vecante-ne-realizimin-e-veprave-te-arteve-pamore","status":"publish","type":"post","link":"https:\/\/zjarr.tv\/en\/presidenti-meta-vlereson-me-titull-piktorin-qamil-grezda-per-kontributin-e-vecante-ne-realizimin-e-veprave-te-arteve-pamore\/","title":{"rendered":"Presidenti Meta vler\u00ebson me titull piktorin Qamil Grezda, p\u00ebr kontributin e ve\u00e7ant\u00eb n\u00eb realizimin e veprave t\u00eb arteve pamore"},"content":{"rendered":"<p>Presidenti Ilir Meta ka akorduar me titullin e lart\u00eb &#8220;Kalor\u00ebs i Urdhrit t\u00eb Sk\u00ebnderbeut&#8221;, piktorin e njohur Qamil Grezda, \u00e7mimin e t\u00eb cilit e t\u00ebrhoqi djali i tij Ermir Grezda. &#8220;N\u00eb veprat e jasht\u00ebzakonshme t\u00eb artistit t\u00eb shquar dhe piktorit t\u00eb mir\u00ebnjohur, Qamil Grezda dallohen qart\u00eb t\u00ebrheqja e ve\u00e7ant\u00eb p\u00ebr natyr\u00ebn dhe ndjenjat e larta t\u00eb atdhedashuris\u00eb q\u00eb shprehen me madh\u00ebshti n\u00eb portretizimin e shum\u00eb figurave dhe ngjarjeve historike komb\u00ebtare.Si &#8220;grabitqar i bukuris\u00eb natyrore&#8221; dhe transmetues i frym\u00ebs s\u00eb dashuris\u00eb p\u00ebr Kosov\u00ebn e Shqip\u00ebrin\u00eb, Grezda i madh na la trash\u00ebgimi kryevepra me vlera komb\u00ebtare, q\u00eb kap\u00ebrcejn\u00eb koh\u00ebn dhe dimensionet, me ndikim n\u00eb breza dhe t\u00eb pranishme n\u00eb \u00e7do koh\u00eb&#8221;,- shkruan Meta.Titulli \u00ebsht\u00eb akorduar\u00a0 p\u00ebr kontributin e ve\u00e7ant\u00eb n\u00eb realizimin e veprave t\u00eb arteve pamore, duke l\u00ebn\u00eb gjurm\u00eb n\u00eb zhvillimin tradicional t\u00eb gjinive t\u00eb peizazhit e portretit me cil\u00ebsi t\u00eb lart\u00eb artistike, si dhe p\u00ebr p\u00ebrgatitjen e shum\u00eb gjeneratave t\u00eb artist\u00ebve t\u00eb rinj.Shum\u00eb\u00a0 prej veprave t\u00eb Qamil Grezd\u00ebs, pjes\u00eb e koleksionit t\u00eb vyer t\u00eb familjes, u ekspozuan n\u00eb Presidenc\u00eb nga djali i tij, skulptori i shquar, Ermir Grezda.Presidenti Meta ka shprehur mir\u00ebnjohjen e tij artist\u00ebve shqiptar\u00eb p\u00ebr vlerat e pasura kulturore q\u00eb na kan\u00eb l\u00ebn\u00eb trash\u00ebgimi.<\/p>","protected":false},"excerpt":{"rendered":"<p>Presidenti Ilir Meta ka akorduar me titullin e lart\u00eb &#8220;Kalor\u00ebs i Urdhrit t\u00eb Sk\u00ebnderbeut&#8221;, piktorin e njohur Qamil Grezda, \u00e7mimin e t\u00eb cilit e t\u00ebrhoqi djali i tij Ermir Grezda. &#8220;N\u00eb veprat e jasht\u00ebzakonshme t\u00eb artistit t\u00eb shquar dhe piktorit t\u00eb mir\u00ebnjohur, Qamil Grezda dallohen qart\u00eb t\u00ebrheqja e ve\u00e7ant\u00eb p\u00ebr natyr\u00ebn dhe ndjenjat e larta [&hellip;]<\/p>\n","protected":false},"author":2020,"featured_media":130350,"comment_status":"open","ping_status":"closed","sticky":false,"template":"","format":"standard","meta":{"footnotes":""},"categories":[235],"tags":[],"class_list":{"0":"post-130349","1":"post","2":"type-post","3":"status-publish","4":"format-standard","5":"has-post-thumbnail","7":"category-vendi"},"_links":{"self":[{"href":"https:\/\/zjarr.tv\/en\/wp-json\/wp\/v2\/posts\/130349","targetHints":{"allow":["GET"]}}],"collection":[{"href":"https:\/\/zjarr.tv\/en\/wp-json\/wp\/v2\/posts"}],"about":[{"href":"https:\/\/zjarr.tv\/en\/wp-json\/wp\/v2\/types\/post"}],"author":[{"embeddable":true,"href":"https:\/\/zjarr.tv\/en\/wp-json\/wp\/v2\/users\/2020"}],"replies":[{"embeddable":true,"href":"https:\/\/zjarr.tv\/en\/wp-json\/wp\/v2\/comments?post=130349"}],"version-history":[{"count":0,"href":"https:\/\/zjarr.tv\/en\/wp-json\/wp\/v2\/posts\/130349\/revisions"}],"wp:featuredmedia":[{"embeddable":true,"href":"https:\/\/zjarr.tv\/en\/wp-json\/wp\/v2\/media\/130350"}],"wp:attachment":[{"href":"https:\/\/zjarr.tv\/en\/wp-json\/wp\/v2\/media?parent=130349"}],"wp:term":[{"taxonomy":"category","embeddable":true,"href":"https:\/\/zjarr.tv\/en\/wp-json\/wp\/v2\/categories?post=130349"},{"taxonomy":"post_tag","embeddable":true,"href":"https:\/\/zjarr.tv\/en\/wp-json\/wp\/v2\/tags?post=130349"}],"curies":[{"name":"wp","href":"https:\/\/api.w.org\/{rel}","templated":true}]}}