{"id":130956,"date":"2020-07-31T14:41:50","date_gmt":"2020-07-31T12:41:50","guid":{"rendered":"https:\/\/zjarr.tv\/?p=130956"},"modified":"2020-07-31T14:42:47","modified_gmt":"2020-07-31T12:42:47","slug":"as-ne-dite-feste-nuk-i-del-e-keqja-metes-kujton-objektivin-madhor-dhe-i-dergon-mesazh-te-qarte-politikes","status":"publish","type":"post","link":"https:\/\/zjarr.tv\/en\/as-ne-dite-feste-nuk-i-del-e-keqja-metes-kujton-objektivin-madhor-dhe-i-dergon-mesazh-te-qarte-politikes\/","title":{"rendered":"As n\u00eb dit\u00eb feste nuk i del e keqja Met\u00ebs, kujton objektivin madhor dhe i d\u00ebrgon mesazh t\u00eb qart\u00eb politik\u00ebs"},"content":{"rendered":"<p>Besimtar\u00ebt mysliman\u00eb dit\u00ebn e sotme festojn\u00eb fest\u00ebn e Kurban Bajramit, presidenti i vendit, Ilir Meta, n\u00eb nj\u00eb prononcim p\u00ebr mediat ka uruar t\u00eb gjith\u00eb besimtar\u00ebt mysliman\u00eb. Teksa shprehu urimet m\u00eb t\u00eb mira p\u00ebr udh\u00ebheq\u00ebsit fetar\u00eb, q\u00eb sipas tij, ushqejn\u00eb ndjenj\u00ebn e bashkimit dhe v\u00ebllaz\u00ebrimit, Meta i d\u00ebrgoi dhe nj\u00eb mesazh t\u00eb fort\u00eb politik\u00ebs, teksa tha se uron q\u00eb edhe politika t\u00eb m\u00ebsoj\u00eb e t\u00eb marr\u00eb shembullin e k\u00ebsaj fryme bashk\u00ebpunimi. <em>\u201cUrimet m\u00eb t\u00eb mira p\u00ebr t\u00eb gjith\u00eb besimtar\u00ebt, qytetar\u00ebt tan\u00eb, sepse kjo \u00ebsht\u00eb vet\u00ebm nj\u00eb dit\u00eb v\u00ebllaz\u00ebrimi e solidariteti, por edhe nj\u00eb dit\u00eb shum\u00eb e r\u00ebnd\u00ebsishme, q\u00eb na fton t\u00eb b\u00ebjm\u00eb sakrifica p\u00ebr k\u00ebt\u00eb v\u00ebllaz\u00ebrim. <\/em><em>Uroj q\u00eb edhe politika t\u00eb m\u00ebsoj\u00eb, t\u00eb marr\u00eb k\u00ebt\u00eb shembull t\u00eb frym\u00ebs s\u00eb bashk\u00ebpunimit, mir\u00ebkuptimit, t\u00eb interesave m\u00eb t\u00eb m\u00ebdha t\u00eb qytetar\u00ebve, por n\u00eb cdo rast jam i sigurt q\u00eb populli do t\u00eb udh\u00ebhiqet nga kjo harmoni, q\u00eb frym\u00ebzojn\u00eb k\u00ebta udh\u00ebheq\u00ebs t\u00eb nderuar, q\u00eb b\u00ebjn\u00eb nj\u00eb pun\u00eb t\u00eb jasht\u00ebzakonshme p\u00ebr t\u00eb edukuar qytetar\u00ebt me vlerat m\u00eb t\u00eb mira njer\u00ebzore, hyjnore e atdhetare. <\/em><em>\u00cbsht\u00eb nj\u00eb dit\u00eb e r\u00ebnd\u00ebsishme sot p\u00ebr t\u2019u angazhuar t\u00eb gjith\u00eb s\u00eb bashku p\u00ebr an\u00ebtar\u00ebsimin n\u00eb BE dhe p\u00ebr t\u00eb hequr cdo penges\u00eb, sa m\u00eb shpejt, q\u00eb frenon k\u00ebt\u00eb \u00ebnd\u00ebrr, n\u00eb m\u00ebnyr\u00eb q\u00eb t\u00eb mos na ikin m\u00eb t\u00eb rinjt\u00eb dhe t\u00eb kthehen edhe ata q\u00eb kan\u00eb ikur\u201d<\/em>, \u2013 tha Meta. <em>\u201cQ\u00ebllimi dhe objektivi madhor mbetet an\u00ebtar\u00ebsimi n\u00eb BE dhe duhet t\u00eb punojm\u00eb p\u00ebr t\u00eb hequr cdo penges\u00eb sa m\u00eb shpejt q\u00eb frenon k\u00ebt\u00eb \u00ebnd\u00ebrr, q\u00eb t\u00eb mos na ikin t\u00eb rinjt\u00eb e q\u00eb ata q\u00eb kan\u00eb ikur t\u00eb kthehen sic shprehu besimin e tij Papa Francesku n\u00eb vizit\u00ebn e tij n\u00eb Tiran\u00eb, q\u00eb shqiponjat do t\u00eb kthehen n\u00eb sht\u00ebpin\u00eb e tyre\u201d<\/em>, \u2013 tha nd\u00ebr t\u00eb tjera Meta.<\/p>","protected":false},"excerpt":{"rendered":"<p>Besimtar\u00ebt mysliman\u00eb dit\u00ebn e sotme festojn\u00eb fest\u00ebn e Kurban Bajramit, presidenti i vendit, Ilir Meta, n\u00eb nj\u00eb prononcim p\u00ebr mediat ka uruar t\u00eb gjith\u00eb besimtar\u00ebt mysliman\u00eb. Teksa shprehu urimet m\u00eb t\u00eb mira p\u00ebr udh\u00ebheq\u00ebsit fetar\u00eb, q\u00eb sipas tij, ushqejn\u00eb ndjenj\u00ebn e bashkimit dhe v\u00ebllaz\u00ebrimit, Meta i d\u00ebrgoi dhe nj\u00eb mesazh t\u00eb fort\u00eb politik\u00ebs, teksa tha [&hellip;]<\/p>\n","protected":false},"author":2020,"featured_media":130957,"comment_status":"open","ping_status":"closed","sticky":false,"template":"","format":"standard","meta":{"footnotes":""},"categories":[241],"tags":[],"class_list":{"0":"post-130956","1":"post","2":"type-post","3":"status-publish","4":"format-standard","5":"has-post-thumbnail","7":"category-aktualitet"},"_links":{"self":[{"href":"https:\/\/zjarr.tv\/en\/wp-json\/wp\/v2\/posts\/130956","targetHints":{"allow":["GET"]}}],"collection":[{"href":"https:\/\/zjarr.tv\/en\/wp-json\/wp\/v2\/posts"}],"about":[{"href":"https:\/\/zjarr.tv\/en\/wp-json\/wp\/v2\/types\/post"}],"author":[{"embeddable":true,"href":"https:\/\/zjarr.tv\/en\/wp-json\/wp\/v2\/users\/2020"}],"replies":[{"embeddable":true,"href":"https:\/\/zjarr.tv\/en\/wp-json\/wp\/v2\/comments?post=130956"}],"version-history":[{"count":0,"href":"https:\/\/zjarr.tv\/en\/wp-json\/wp\/v2\/posts\/130956\/revisions"}],"wp:featuredmedia":[{"embeddable":true,"href":"https:\/\/zjarr.tv\/en\/wp-json\/wp\/v2\/media\/130957"}],"wp:attachment":[{"href":"https:\/\/zjarr.tv\/en\/wp-json\/wp\/v2\/media?parent=130956"}],"wp:term":[{"taxonomy":"category","embeddable":true,"href":"https:\/\/zjarr.tv\/en\/wp-json\/wp\/v2\/categories?post=130956"},{"taxonomy":"post_tag","embeddable":true,"href":"https:\/\/zjarr.tv\/en\/wp-json\/wp\/v2\/tags?post=130956"}],"curies":[{"name":"wp","href":"https:\/\/api.w.org\/{rel}","templated":true}]}}