{"id":132053,"date":"2020-08-05T14:29:36","date_gmt":"2020-08-05T12:29:36","guid":{"rendered":"https:\/\/zjarr.tv\/?p=132053"},"modified":"2020-08-05T14:29:36","modified_gmt":"2020-08-05T12:29:36","slug":"punetori-stakon-hec-in-privat-pa-drita-4-fshatra-te-malesise-se-madhe-prokuroria-nis-hetimet","status":"publish","type":"post","link":"https:\/\/zjarr.tv\/en\/punetori-stakon-hec-in-privat-pa-drita-4-fshatra-te-malesise-se-madhe-prokuroria-nis-hetimet\/","title":{"rendered":"Pun\u00ebtori stakon HEC-in privat, pa drita 4 fshatra t\u00eb Mal\u00ebsis\u00eb s\u00eb Madhe! Prokuroria nis hetimet"},"content":{"rendered":"<p>Nj\u00eb rast i paprecedent\u00eb ka ndodhur dit\u00ebn e sotme n\u00eb Mal\u00ebsin\u00eb e Madhe, banor\u00ebt e t\u00eb cil\u00ebve kan\u00eb mbetur pa energji elektrike. Pun\u00ebtori i turnit ka stakuar HEC-in privat, arsyet e t\u00eb cilit po hetohen nga prokuroria.<\/p>\n<p>Disa zona t\u00eb Mal\u00ebsis\u00eb s\u00eb Madhe q\u00ebndruan dje p\u00ebr afro 7 or\u00eb pa energji elektrike pasi HEC-i privat i Nd\u00ebrlys\u00ebs pushoi s\u00eb punuari. P\u00ebr shkak t\u00eb nd\u00ebrprerjes s\u00eb energjis\u00eb elektrike, mbet\u00ebn pa furnizim zonat e nj\u00ebsive administrative Shal\u00eb, Shosh dhe Kir, p\u00ebrfshi dhe zon\u00ebn turistike t\u00eb Thethit.<\/p>\n<p>T\u00eb gjendur para k\u00ebsaj situate, drejtoria e OSSH Rajoni Shkod\u00ebr mund\u00ebsoi furnizimin e zon\u00ebs, p\u00ebrfshi dhe Thethin me an\u00eb t\u00eb linj\u00ebs dyt\u00ebsore nga NST Shkodra1. Sakaq, sot paradite \u00ebsht\u00eb b\u00ebr\u00eb e mundur furnizimi nga HEC Nd\u00ebrlys\u00eb.<\/p>","protected":false},"excerpt":{"rendered":"<p>Nj\u00eb rast i paprecedent\u00eb ka ndodhur dit\u00ebn e sotme n\u00eb Mal\u00ebsin\u00eb e Madhe, banor\u00ebt e t\u00eb cil\u00ebve kan\u00eb mbetur pa energji elektrike. Pun\u00ebtori i turnit ka stakuar HEC-in privat, arsyet e t\u00eb cilit po hetohen nga prokuroria. Disa zona t\u00eb Mal\u00ebsis\u00eb s\u00eb Madhe q\u00ebndruan dje p\u00ebr afro 7 or\u00eb pa energji elektrike pasi HEC-i privat [&hellip;]<\/p>\n","protected":false},"author":2020,"featured_media":119956,"comment_status":"open","ping_status":"closed","sticky":false,"template":"","format":"standard","meta":{"footnotes":""},"categories":[235],"tags":[],"class_list":{"0":"post-132053","1":"post","2":"type-post","3":"status-publish","4":"format-standard","5":"has-post-thumbnail","7":"category-vendi"},"_links":{"self":[{"href":"https:\/\/zjarr.tv\/en\/wp-json\/wp\/v2\/posts\/132053","targetHints":{"allow":["GET"]}}],"collection":[{"href":"https:\/\/zjarr.tv\/en\/wp-json\/wp\/v2\/posts"}],"about":[{"href":"https:\/\/zjarr.tv\/en\/wp-json\/wp\/v2\/types\/post"}],"author":[{"embeddable":true,"href":"https:\/\/zjarr.tv\/en\/wp-json\/wp\/v2\/users\/2020"}],"replies":[{"embeddable":true,"href":"https:\/\/zjarr.tv\/en\/wp-json\/wp\/v2\/comments?post=132053"}],"version-history":[{"count":0,"href":"https:\/\/zjarr.tv\/en\/wp-json\/wp\/v2\/posts\/132053\/revisions"}],"wp:featuredmedia":[{"embeddable":true,"href":"https:\/\/zjarr.tv\/en\/wp-json\/wp\/v2\/media\/119956"}],"wp:attachment":[{"href":"https:\/\/zjarr.tv\/en\/wp-json\/wp\/v2\/media?parent=132053"}],"wp:term":[{"taxonomy":"category","embeddable":true,"href":"https:\/\/zjarr.tv\/en\/wp-json\/wp\/v2\/categories?post=132053"},{"taxonomy":"post_tag","embeddable":true,"href":"https:\/\/zjarr.tv\/en\/wp-json\/wp\/v2\/tags?post=132053"}],"curies":[{"name":"wp","href":"https:\/\/api.w.org\/{rel}","templated":true}]}}